{"id":11987,"date":"2023-12-18T15:39:00","date_gmt":"2023-12-18T14:39:00","guid":{"rendered":"https:\/\/www.wiaralecha.pl\/?p=11987"},"modified":"2024-01-02T16:42:00","modified_gmt":"2024-01-02T15:42:00","slug":"futsal-red-devils-chojnice-rywalem-wiary-lecha-w-1-32-finalu","status":"publish","type":"post","link":"https:\/\/www.wiaralecha.pl\/index.php\/2023\/12\/18\/futsal-red-devils-chojnice-rywalem-wiary-lecha-w-1-32-finalu\/","title":{"rendered":"Futsal: Red Devils Chojnice rywalem Wiary Lecha w 1\/32 fina\u0142u"},"content":{"rendered":"\n<h2 class=\"wp-block-heading\"><strong>Sekcja futsalu Wiary Lecha pozna\u0142a rywala, z kt\u00f3rym powalczy o 1\/16 fina\u0142u Pucharu Polski. W weekend 13\/14 stycznia lechici podejm\u0105 u siebie wicelidera I ligi &#8211; Red Devils Chojnice. <\/strong><\/h2>\n\n\n\n<p>W 1\/32 fina\u0142u futsalowego Pucharu Polski Wiara Lecha zmierzy si\u0119 z pierwszoligowym Red Devils Chojnice. Chojniczanie s\u0105 znanym zespo\u0142em w \u015brodowisku futsalowym. Najwi\u0119kszym sukcesem w historii klubu jest wywalczenie wicemistrzostwa Polski w sezonie 2012\/2013 oraz zdobycie Pucharu Polski trzy lata p\u00f3\u017aniej. W obecnej kampanii Red Devils walcz\u0105 o powr\u00f3t w szeregi Ekstraklasy, kt\u00f3r\u0105 opu\u015bcili kilka miesi\u0119cy temu. Klub z Chojnic po I rundzie zajmuje drugie miejsce z punktow\u0105 strat\u0105 do lideruj\u0105cego Futsalu \u015awiecie. <\/p>\n\n\n\n<p>Kadra chojnickiej dru\u017cyny jest oparta w g\u0142\u00f3wnej mierze na obcokrajowcach &#8211; w dru\u017cynie wyst\u0119puje siedmiu Ukrai\u0144c\u00f3w, dw\u00f3ch Kolumbijczyk\u00f3w oraz \u0141otysz &#8211; Janis Pastars, kt\u00f3ry jest aktualnym reprezentantem swojego kraju. <\/p>\n\n\n\n<p>Pojedynek Wiara Lecha &#8211; Red Devils Chojnice, kt\u00f3rego stawk\u0105 b\u0119dzie awans do 1\/16 fina\u0142u odb\u0119dzie si\u0119 w Poznaniu w weekend 13\/14 stycznia. <\/p>\n\n\n\n<p><strong>Pary 1\/32 fina\u0142u Pucharu Polski w futsalu<\/strong><\/p>\n\n\n\n<ul class=\"wp-block-list\">\n<li>PLP Bia\u0142ystok &#8211; Futbalo Bia\u0142ystok<\/li>\n\n\n\n<li>UMKS Zgierz &#8211; Widzew \u0141\u00f3d\u017a<\/li>\n\n\n\n<li>Pegaz Drobin &#8211; BAF Bia\u0142ystok<\/li>\n\n\n\n<li>Gmina Lubawa &#8211; Legia Warszawa<\/li>\n\n\n\n<li>Mazur Karczew &#8211; AZS UW Wilan\u00f3w<\/li>\n\n\n\n<li>AZS AWF Warszawa &#8211; Constract Lubawa<\/li>\n\n\n\n<li>Wenecja Pu\u0142tusk &#8211; Jagiellonia Bia\u0142ystok<\/li>\n\n\n\n<li>PBL Bydgoszcz &#8211; KKF Konin<\/li>\n\n\n\n<li><strong>Wiara Lecha Pozna\u0144 &#8211; Red Devils Chojnice<\/strong><\/li>\n\n\n\n<li>ChFT Che\u0142m\u017ca &#8211; Dragon Bojano<\/li>\n\n\n\n<li>Futsal Ko\u0142obrzeg &#8211; Futsal \u015awiecie<\/li>\n\n\n\n<li>STS Pi\u0142a &#8211; Kamienica Kr\u00f3lewska<\/li>\n\n\n\n<li>KS Gniezno &#8211; AZS UG Gda\u0144sk<\/li>\n\n\n\n<li>LSSS L\u0119bork &#8211; Futsal Leszno<\/li>\n\n\n\n<li>Futsal Szczecin &#8211; Red Dragons Pniewy<\/li>\n\n\n\n<li>TAF Toru\u0144 &#8211; FC Toru\u0144<\/li>\n\n\n\n<li>Polonia Bielany Wroc\u0142awskie &#8211; G\u00f3rnik Polkowice<\/li>\n\n\n\n<li>Akademia Orze\u0142 Jelcz-Laskowice &#8211; Ruch Chorz\u00f3w<\/li>\n\n\n\n<li>Przylep-Park \u015awidnica &#8211; Rekord Bielsko-Bia\u0142a<\/li>\n\n\n\n<li>\u015al\u0105sk Wroc\u0142aw &#8211; So\u015bnica Gliwice<\/li>\n\n\n\n<li>Wiking Opole &#8211; Piast Gliwice<\/li>\n\n\n\n<li>Futsal Team Z\u0105bkowice \u015al\u0105skie &#8211; Dreman Opole<\/li>\n\n\n\n<li>Silesia Siemianowice \u015al\u0105skie &#8211; Futsal Team Brzeg<\/li>\n\n\n\n<li>Gwiazda Ruda \u015al\u0105ska &#8211; GKS Tychy<\/li>\n\n\n\n<li>KKF Kazimierza Wielka &#8211; AZS U\u015a Katowice<\/li>\n\n\n\n<li>Olimp Team Kamienica &#8211; AZS UMCS Lublin <\/li>\n\n\n\n<li>KS Obice &#8211; AZS UE Krak\u00f3w<\/li>\n\n\n\n<li>Sympatyczni Nisko &#8211; Heiro Rzesz\u00f3w<\/li>\n\n\n\n<li>\u017bubry Lublin &#8211; Eurobus Przemy\u015bl<\/li>\n\n\n\n<li>BSF Busko-Zdr\u00f3j &#8211; Wis\u0142a Opatowiec<\/li>\n\n\n\n<li>Futsal Nowiny &#8211; BSF Bochnia <\/li>\n<\/ul>\n\n\n\n<p>KP Wrze\u015bnia otrzyma\u0142 wolny los. <\/p>\n","protected":false},"excerpt":{"rendered":"<p>Sekcja futsalu Wiary Lecha pozna\u0142a rywala, z kt\u00f3rym powalczy o 1\/16 fina\u0142u Pucharu Polski. W weekend 13\/14 stycznia lechici podejm\u0105 u siebie wicelidera I ligi &#8211; Red Devils Chojnice. <\/p>\n","protected":false},"author":2,"featured_media":11993,"comment_status":"closed","ping_status":"closed","sticky":false,"template":"","format":"standard","meta":{"_acf_changed":false,"_jetpack_memberships_contains_paid_content":false,"footnotes":""},"categories":[118],"tags":[],"class_list":["post-11987","post","type-post","status-publish","format-standard","has-post-thumbnail","hentry","category-futsal"],"acf":[],"jetpack_featured_media_url":"https:\/\/www.wiaralecha.pl\/wp-content\/uploads\/2023\/12\/Puchar.png","jetpack_sharing_enabled":true,"_links":{"self":[{"href":"https:\/\/www.wiaralecha.pl\/index.php\/wp-json\/wp\/v2\/posts\/11987","targetHints":{"allow":["GET"]}}],"collection":[{"href":"https:\/\/www.wiaralecha.pl\/index.php\/wp-json\/wp\/v2\/posts"}],"about":[{"href":"https:\/\/www.wiaralecha.pl\/index.php\/wp-json\/wp\/v2\/types\/post"}],"author":[{"embeddable":true,"href":"https:\/\/www.wiaralecha.pl\/index.php\/wp-json\/wp\/v2\/users\/2"}],"replies":[{"embeddable":true,"href":"https:\/\/www.wiaralecha.pl\/index.php\/wp-json\/wp\/v2\/comments?post=11987"}],"version-history":[{"count":3,"href":"https:\/\/www.wiaralecha.pl\/index.php\/wp-json\/wp\/v2\/posts\/11987\/revisions"}],"predecessor-version":[{"id":12085,"href":"https:\/\/www.wiaralecha.pl\/index.php\/wp-json\/wp\/v2\/posts\/11987\/revisions\/12085"}],"wp:featuredmedia":[{"embeddable":true,"href":"https:\/\/www.wiaralecha.pl\/index.php\/wp-json\/wp\/v2\/media\/11993"}],"wp:attachment":[{"href":"https:\/\/www.wiaralecha.pl\/index.php\/wp-json\/wp\/v2\/media?parent=11987"}],"wp:term":[{"taxonomy":"category","embeddable":true,"href":"https:\/\/www.wiaralecha.pl\/index.php\/wp-json\/wp\/v2\/categories?post=11987"},{"taxonomy":"post_tag","embeddable":true,"href":"https:\/\/www.wiaralecha.pl\/index.php\/wp-json\/wp\/v2\/tags?post=11987"}],"curies":[{"name":"wp","href":"https:\/\/api.w.org\/{rel}","templated":true}]}}