{"id":13047,"date":"2024-05-22T01:15:57","date_gmt":"2024-05-21T23:15:57","guid":{"rendered":"https:\/\/www.wiaralecha.pl\/?p=13047"},"modified":"2024-05-22T14:39:43","modified_gmt":"2024-05-22T12:39:43","slug":"prezes-pawel-piestrzynski-patrze-w-nasza-przyszlosc-z-optymizmem","status":"publish","type":"post","link":"https:\/\/www.wiaralecha.pl\/index.php\/2024\/05\/22\/prezes-pawel-piestrzynski-patrze-w-nasza-przyszlosc-z-optymizmem\/","title":{"rendered":"Prezes Pawe\u0142 Piestrzy\u0144ski: Patrz\u0119 w nasz\u0105 przysz\u0142o\u015b\u0107 z optymizmem"},"content":{"rendered":"\n<h2 class=\"wp-block-heading\"><strong>Po niespe\u0142na trzynastu latach funkcjonowania jako klub sportowy, Wiara Lecha sta\u0142a si\u0119 jednym z czo\u0142owych klub\u00f3w w Poznaniu. Pawe\u0142 Piestrzy\u0144ski &#8211; Prezes Zarz\u0105du Stowarzyszenia Wiara Lecha opowiada o planach, wyzwaniach oraz zmianach w strukturach i funkcjonowaniu klubu.<\/strong><\/h2>\n\n\n\n<h5 class=\"wp-block-heading\"><strong>Przed sezonem powiedzia\u0142e\u015b, \u017ce czeka nas najtrudniejszy sezon w historii naszego klubu. Czy na tym etapie rozgrywek mo\u017cesz stwierdzi\u0107, \u017ce zdajemy ten egzamin?<\/strong><\/h5>\n\n\n\n<p>Na pewno jest to dla nas najbardziej wymagaj\u0105cy, ale tak\u017ce satysfakcjonuj\u0105cy okres w 13-letniej historii Wiary Lecha. Zar\u00f3wno je\u015bli chodzi o aspekt sportowy jak i organizacyjny, ale tak\u017ce bior\u0105c pod uwag\u0119 ca\u0142\u0105 otoczk\u0119. Wi\u0105\u017ce si\u0119 to z o wiele wi\u0119kszym nak\u0142adem pracy, kt\u00f3ry musimy po\u015bwi\u0119ci\u0107 zw\u0142aszcza w dni meczowe, ale tak\u017ce podczas organizacji codziennego \u017cycia klubu. Sportowo jeste\u015bmy bardzo blisko osi\u0105gni\u0119cia za\u0142o\u017conego celu, jakim jest utrzymanie w IV lidze. Natomiast organizacyjnie na pewno tak\u017ce weszli\u015bmy na wy\u017cszy poziom i potrafimy zaanga\u017cowa\u0107 jeszcze wi\u0119ksze grono ludzi.<\/p>\n\n\n\n<h5 class=\"wp-block-heading\"><strong>Co najlepiej pokazuje, jak si\u0119 rozwin\u0119li\u015bmy jako klub?<\/strong><\/h5>\n\n\n\n<p>Ka\u017cda z naszych funkcjonuj\u0105cych sekcji rywalizuje w najwy\u017cszej klasie rozgrywkowej w swojej historii. Sekcja pi\u0142ki no\u017cnej walczy w IV lidze, czyli na topowym poziomie w Wielkopolsce, futsali\u015bci awansowali natomiast na zaplecze Futsal Ekstraklasy, a sekcja koszyk\u00f3wki gra na trzecim poziomie rozgrywkowym w kraju, czyli w II lidze. Jestem bardzo zbudowany, bo widz\u0119, \u017ce o wiele wi\u0119cej os\u00f3b si\u0119 anga\u017cuje w \u017cycie klubu. Mam tu na my\u015bli mi\u0119dzy innymi pomoc przy organizacji mecz\u00f3w, czy og\u00f3lnej dzia\u0142alno\u015bci klubu. Je\u015bli chodzi o ilo\u015b\u0107 pracy, zdecydowanie jest to wymagaj\u0105ce, ale dzi\u0119ki temu grono os\u00f3b zaanga\u017cowanych stale si\u0119 rozszerza. Mam tu tak\u017ce na my\u015bli kibic\u00f3w przychodz\u0105cych na nasze spotkania.<\/p>\n\n\n\n<h5 class=\"wp-block-heading\"><strong>Trzyna\u015bcie lat pracy skupionej na rozwoju klubu pozwoli\u0142o doprowadzi\u0107 do momentu, gdy w\u015br\u00f3d pozna\u0144skich klub\u00f3w sportowych wyr\u00f3\u017cniamy si\u0119 nie tylko ide\u0105 kibicowskiego klubu, ale tak\u017ce osi\u0105gni\u0119ciami?<\/strong><\/h5>\n\n\n\n<p>Na pewno jeste\u015bmy w \u015bcis\u0142ej czo\u0142\u00f3wce pozna\u0144skich klub\u00f3w sportowych wielosekcyjnych skupiaj\u0105cych sporty dru\u017cynowe. Musimy tak\u017ce pami\u0119ta\u0107, \u017ce mamy akademi\u0119 pi\u0142karsk\u0105, w kt\u00f3rej szkolimy kolejne pokolenia lechit\u00f3w nie tylko w samym Poznaniu, ale tak\u017ce podpozna\u0144skich gminach. Je\u015bli chodzi o pi\u0142k\u0119 no\u017cn\u0105, dzielimy to na trzy odnogi &#8211; 4-ligowa dru\u017cyna senior\u00f3w, B-klasowe rezerwy, a tak\u017ce Akademia Wiary Lecha funkcjonuj\u0105c\u0105 w czterech lokalizacjach. Dodatkowo mamy koszyk\u00f3wk\u0119, futsal i sekcj\u0119 kolarsk\u0105. Nie s\u0105 to nasze jedyne dzia\u0142ania. Organizujemy tak\u017ce amatorsk\u0105 lig\u0119 pi\u0142karsk\u0105 &#8220;WL Liga&#8221;, turnieje Duszyczki Cup i biegi dla kibic\u00f3w &#8211; Kibolsk\u0105 Dych\u0119 oraz bieg Powstania Wielkopolskiego. Kolejne pomys\u0142y powoli kie\u0142kuj\u0105 w naszych g\u0142owach. Jeste\u015bmy wi\u0119c jednym z wi\u0119kszych klub\u00f3w w Poznaniu zar\u00f3wno pod k\u0105tem sportowym, organizacyjnym, ale tak\u017ce marketingowym, bo w social mediach ulegamy moim zdaniem tylko Lechowi i Warcie.<\/p>\n\n\n\n<h5 class=\"wp-block-heading\"><strong>Podsumowuj\u0105c osi\u0105gni\u0119cia ka\u017cdej z sekcji, zacznijmy od pi\u0142ki no\u017cnej. Jak odbierasz debiutancki sezon senior\u00f3w na poziomie IV ligi oraz rezerw w B-klasie?<\/strong><\/h5>\n\n\n\n<p>Chocia\u017c ani jeden zesp\u00f3\u0142, ani drugi nie jest w czo\u0142\u00f3wce swoich rozgrywek, bo pierwszy zesp\u00f3\u0142 zajmuje obecnie dziewi\u0105t\u0105 pozycj\u0119, a rezerwy s\u0105 pi\u0105te, mog\u0119 si\u0119 wypowiada\u0107 w du\u017cej mierze pozytywnie. Zaczynaj\u0105c od rezerw, trzeba wzi\u0105\u0107 pod uwag\u0119 okoliczno\u015bci, w jakich ten zesp\u00f3\u0142 powstawa\u0142. Po tym jak zako\u0144czyli\u015bmy wsp\u00f3\u0142prac\u0119 z GKS-em Gol\u0119czewo, ka\u017cdy poszed\u0142 swoj\u0105 \u015bcie\u017ck\u0105. GKS odnalaz\u0142 si\u0119 w szybciej w tej sytuacji i jest na najlepszej drodze do powrotu do A-klasy. My te\u017c sobie poradzili\u015bmy i na szybko uda\u0142o nam si\u0119 zorganizowa\u0107 nowy zesp\u00f3\u0142. Start by\u0142 do\u015b\u0107 s\u0142aby i rozczarowuj\u0105cy, ale wiedzieli\u015bmy, \u017ce to b\u0119dzie zesp\u00f3\u0142, kt\u00f3ry z czasem dojdzie do swojej formy. W kolejnych miesi\u0105cach rezerwy wesz\u0142y na w\u0142a\u015bciwe tory i zako\u0144czy\u0142y jesie\u0144 na pi\u0105tym miejscu, na kt\u00f3rym utrzymuj\u0105 si\u0119 do teraz.<\/p>\n\n\n\n<p>Je\u015bli chodzi o nasz pierwszy zesp\u00f3\u0142, na pewno jest to du\u017ce pozytywne zaskoczenie. Spodziewali\u015bmy si\u0119, \u017ce ten przeskok pomi\u0119dzy poziomami b\u0119dzie trudniejszy, je\u015bli chodzi o zdobycz punktow\u0105 i miejsce w tabeli zw\u0142aszcza bior\u0105c pod uwag\u0119 nasze zmiany kadrowe pomi\u0119dzy sezonami. Apetyt ro\u015bnie w miar\u0119 jedzenia, st\u0105d minimalne pora\u017cki z zespo\u0142ami z czo\u0142\u00f3wki, czy te\u017c wysoka przegrana z Mieszkiem Gniezno jesieni\u0105, na pewno pozostawiaj\u0105 spory niedosyt. Pocz\u0105tek rundy wiosennej r\u00f3wnie\u017c zacz\u0105\u0142 si\u0119 bardzo obiecuj\u0105co, bo po rzutach karnych pokonali\u015bmy w Pucharze Polski Lipno St\u0119szew na ich terenie. Niestety w nast\u0119pnej rundzie nie zachowali\u015bmy koncentracji i w ostatnich minutach dali\u015bmy sobie wyrwa\u0107 szans\u0119 na awans. Z drugiej strony pokazali\u015bmy charakter zwyci\u0119\u017caj\u0105c w meczach po bramkach w ostatnich minutach jak we Wrze\u015bni, Piaskach, czy w meczu domowym z Huraganem Pobiedziska. W efekcie zajmujemy dziewi\u0105t\u0105 pozycj\u0119 w tabeli i jeste\u015bmy obecnie najlepszym beniaminkiem. Celem na ostatnie sze\u015b\u0107 kolejek jest wi\u0119c jak najszybsze zapewnienie sobie utrzymania oraz utrzymanie pozycji najlepszego zespo\u0142u z beniamink\u00f3w.<\/p>\n\n\n\n<h5 class=\"wp-block-heading\"><strong>Jakie perspektywy s\u0105 Twoim zdaniem przed tymi dru\u017cynami i ca\u0142\u0105 sekcj\u0105 pi\u0142karsk\u0105?<\/strong><\/h5>\n\n\n\n<p>Ju\u017c przed sezonem spodziewali\u015bmy si\u0119, \u017ce nie b\u0119dziemy w gronie zespo\u0142\u00f3w walcz\u0105cych o awans do III ligi. Znamy swoje miejsce w szeregu i wiemy, \u017ce nasza kadra nie jest tak mocna i do\u015bwiadczona, jak zespo\u0142\u00f3w z topu. Organizacyjnie r\u00f3wnie\u017c nie jeste\u015bmy na tym etapie gotowi na gr\u0119 na wy\u017cszym poziomie. Pomimo tego, \u017ce zapewniamy naszym zawodnikom jak najlepsze warunki na treningach i meczach, wci\u0105\u017c jeste\u015bmy zespo\u0142em amatorskim i nie mo\u017cemy sobie pozwoli\u0107 na wynagrodzenia za granie w pi\u0142k\u0119 na tym poziomie. Na razie nie do przeskoczenia mog\u0142yby by\u0107 tak\u017ce kwestie infrastrukturalne, a i finansowo tak\u017ce na ten moment nie mam takich mo\u017cliwo\u015bci, by my\u015ble\u0107 o grze na wy\u017cszym poziomie. Opr\u00f3cz stypendi\u00f3w dla zawodnik\u00f3w wi\u0105za\u0142oby si\u0119 to tak\u017ce z dalszymi wyjazdami na mecze w p\u00f3\u0142nocno-zachodniej Polsce. Na razie wydaje nam si\u0119, \u017ce IV liga to nasze miejsce i chcemy si\u0119 tu utrzyma\u0107 oraz okrzepn\u0105\u0107.<\/p>\n\n\n\n<p>Dru\u017cyna rezerw jest ju\u017c bez szans na awans do A-klasy, ale to na pewno nie by\u0142o celem postawionym latem przed tym zespo\u0142em. W przysz\u0142ym sezonie bardziej chcemy si\u0119 skupi\u0107, by ten zesp\u00f3\u0142 by\u0142 kolejnym etapem w przygodzie z pi\u0142k\u0105 no\u017cn\u0105 dla zawodnik\u00f3w naszej Akademii. <\/p>\n\n\n\n<h5 class=\"wp-block-heading\"><strong>Futsalowa Wiara Lecha zwyci\u0119\u017cy\u0142a w rozgrywkach II ligi i zapewni\u0142a sobie awans na zaplecze Futsal Ekstraklasy. To z t\u0105 dru\u017cyn\u0105 nale\u017cy wi\u0105za\u0107 najwi\u0119ksze nadzieje pod k\u0105tem wynik\u00f3w sportowych?<\/strong><\/h5>\n\n\n\n<p>Ju\u017c przed minionym sezonem dokonali\u015bmy kilku wzmocnie\u0144, pokazuj\u0105c, \u017ce nie interesuje nas nic innego ni\u017c pierwsze miejsce i awans do I ligi. Krok po kroku realizowali\u015bmy nasz cel i teraz mo\u017cemy si\u0119 przygotowywa\u0107 do startu rozgrywek na drugim poziomie w Polsce. Trwa kompletowanie kadry na przysz\u0142y sezon i na pewno nie chcemy si\u0119 zatrzyma\u0107 na I lidze.<\/p>\n\n\n\n<p>W przypadku pi\u0142ki no\u017cnej na du\u017cym boisku jest wi\u0119cej ogranicze\u0144 i przeszk\u00f3d \u2013 znacznie wi\u0119cej zespo\u0142\u00f3w oraz poziom\u00f3w rozgrywkowych, a tak\u017ce wi\u0119ksze koszty. Dlatego czwarta liga to na razie nasz sufit. Je\u015bli chodzi o futsalist\u00f3w, tutaj widzimy swoj\u0105 szans\u0119, \u017ceby zaistnie\u0107 w pi\u0142ce na poziomie krajowym, a mo\u017ce nawet europejskim. Mamy swoje ambicje i cele z tym zwi\u0105zane i krok po kroku je realizujemy. Nie mam poj\u0119cia, co nas czeka za trzy, cztery lata, ale patrz\u0105c pod k\u0105tem tego, jak si\u0119 rozwin\u0119li\u015bmy jako klub, nie wiem gdzie jest sufit tej sekcji.<\/p>\n\n\n\n<h5 class=\"wp-block-heading\"><strong>Co b\u0119dzie wi\u0119kszym wyzwaniem dla Wiary Lecha \u2013 awans do IV ligi, czy do I ligi futsalu?<\/strong><\/h5>\n\n\n\n<p>Zdecydowanie gra w I lidze futsalu. Po pierwsze, czekaj\u0105 nas bardzo dalekie wyjazdy. B\u0119dziemy mierzy\u0107 si\u0119 z zespo\u0142ami od Szczecina po Bia\u0142ystok, co b\u0119dzie mia\u0142o miejsce po raz pierwszy w naszej historii. Sezon b\u0119dzie znacznie bardziej intensywny i d\u0142u\u017cszy, bo czekaj\u0105 nas 22 mecze do rozegrania. To a\u017c o 8 wi\u0119cej, ni\u017c w minionym sezonie. Organizacja mecz\u00f3w r\u00f3wnie\u017c b\u0119dzie bardziej wymagaj\u0105ca, bo terminy mecz\u00f3w naszych sekcji, a tak\u017ce Lecha Pozna\u0144, b\u0119d\u0105 si\u0119 cz\u0119\u015bciej pokrywa\u0107. Do tej pory mieli\u015bmy t\u0119 komfortow\u0105 sytuacj\u0119, \u017ce zesp\u00f3\u0142 futsalu zaczyna\u0142 swoje rozgrywki niemal po zako\u0144czeniu rundy jesiennej dru\u017cyny z du\u017cego boiska. Dlatego ten przeskok b\u0119dzie dla nas jeszcze wi\u0119kszym wyzwaniem.<\/p>\n\n\n\n<h5 class=\"wp-block-heading\"><strong>A jak wygl\u0105da kwestia rozwoju naszej kolejnej sekcji \u2013 koszykarzy?<\/strong><\/h5>\n\n\n\n<p>Za nami wymagaj\u0105cy sezon zako\u0144czony utrzymaniem w II lidze, czyli tutaj r\u00f3wnie\u017c osi\u0105gn\u0119li\u015bmy za\u0142o\u017cony wcze\u015bniej cel. To r\u00f3wnie\u017c nie by\u0142 \u0142atwy przeskok, ale nasi koszykarze dali rad\u0119. To podobna \u015bcie\u017cka, do kt\u00f3rej przygotowuje si\u0119 sekcja futsalu, bo koszykarze maj\u0105 za sob\u0105 pierwszy sezon na poziomie p\u00f3\u0142centralnym, w kt\u00f3rym mierzyli si\u0119 z rywalami z p\u00f3\u0142nocnej cz\u0119\u015bci Polski. Na trzydzie\u015bci mecz\u00f3w, a\u017c pi\u0119\u0107 rozegranych by\u0142o nad morzem, co by\u0142o niema\u0142ym wyzwaniem z uwagi na bardzo dalekie wyjazdy. Dru\u017cyn\u0119 koszykarsk\u0105 czekaj\u0105 teraz przygotowania do nowego sezonu, w kt\u00f3rym b\u0119dziemy musieli okrzepn\u0105\u0107 na tym poziomie rozgrywkowym.<\/p>\n\n\n\n<h5 class=\"wp-block-heading\"><strong>Jakie perspektywy stoj\u0105 przed tym zespo\u0142em w dalszej pespektywie?<\/strong><\/h5>\n\n\n\n<p>Przede wszystkim chcemy utrzyma\u0107 ten zesp\u00f3\u0142, bo jeste\u015bmy drug\u0105 si\u0142\u0105 Poznania. Koszyk\u00f3wka jest sportem o innej charakterystyce ni\u017c pi\u0142ka no\u017cna i praktycznie w danym mie\u015bcie liczy si\u0119 tylko jeden klub. My musimy tutaj rywalizowa\u0107 o swoje miejsce w szeregu. Wiadomo, \u017ce chcieliby\u015bmy awansowa\u0107 do I ligi, ale na t\u0119 chwil\u0119 chcemy okrzepn\u0105\u0107, spr\u00f3bowa\u0107 si\u0142 w drugim sezonie w II lidze i zobaczy\u0107, w kt\u00f3rym kierunku b\u0119dzie ta sekcja pod\u0105\u017ca\u0142a. Na ten moment priorytetem jest jednak, by utrzyma\u0107 ten zesp\u00f3\u0142<\/p>\n\n\n\n<h5 class=\"wp-block-heading\"><strong>To dlatego, \u017ce za sekcj\u0105 koszykarsk\u0105 stoi najwi\u0119kszy dorobek historyczny w postaci mi\u0119dzy innymi jedenastu mistrzostw Polskich zdobytych przez koszykarskiego Kolejorza?<\/strong><\/h5>\n\n\n\n<p>Zdecydowanie tak, sekcja koszyk\u00f3wki jest najbardziej utytu\u0142owan\u0105 sekcj\u0105 w historii Lecha Pozna\u0144. My za\u015b jeste\u015bmy kontynuatorem tej historii i mo\u017ce na razie wygl\u0105da to skromnie, ale utrzymanie w II lidze daje nam perspektywy. R\u00f3\u017cne rzeczy si\u0119 dziej\u0105 w tym sporcie, tak\u017ce jeste\u015bmy dobrej my\u015bli i mam nadziej\u0119, \u017ce najlepsze jeszcze przed t\u0105 sekcj\u0105. Pomimo tego, \u017ce ten zesp\u00f3\u0142 osi\u0105gn\u0105\u0142 ju\u017c bardzo wysoki poziom, jak na amator\u00f3w, mam nadziej\u0119, \u017ce wci\u0105\u017c b\u0119dzie si\u0119 rozwija\u0107 w dobrym kierunku.<\/p>\n\n\n\n<h5 class=\"wp-block-heading\"><strong>Na czym polega wsparcie Miasta Poznania w tworzeniu wielosekcyjnej Wiary Lecha? Ka\u017cda z naszych sekcji musi przecie\u017c rywalizowa\u0107 z klubami w znacznej mierze opartymi na finansowaniu przez gminy.<\/strong><\/h5>\n\n\n\n<p>Je\u015bli chodzi o wsparcie miasta, jest to \u015bci\u015ble powi\u0105zane z poziomem rozgrywkowym, na kt\u00f3rym rywalizuje dana sekcja. Sekcja pi\u0142karska nie dostaje nic, a mierzy si\u0119 jak r\u00f3wny z r\u00f3wnym z dru\u017cynami, kt\u00f3re otrzymuj\u0105 nawet sze\u015bciocyfrowe dotacje. W IV lidze mamy najni\u017cszy bud\u017cet w stawce, a kolejny zesp\u00f3\u0142 mo\u017ce mie\u0107 nawet dwukrotnie wy\u017cszy bud\u017cet. Jest to ogromna r\u00f3\u017cnica. Na sekcj\u0119 futsalu otrzymali\u015bmy do tej pory wsparcie od miasta w postaci ma\u0142ego granta. Sytuacja zmienia si\u0119 w przypadku awansu na poziom centralny. Sekcja koszykarska graj\u0105ca na poziomie centralnym mo\u017ce ju\u017c liczy\u0107 na wi\u0119ksze wsparcie i mam nadziej\u0119, \u017ce podobnie b\u0119dzie w przypadku futsalist\u00f3w, bo tutaj r\u00f3wnie\u017c liczymy na pomoc z miasta, by m\u00f3c walczy\u0107 o jak najwy\u017csze cele. W przypadku tej sekcji sytuacja jest jednak do\u015b\u0107 nietypowa, bo pomimo wielu zapowiedzi, futsal wci\u0105\u017c nie zosta\u0142 do\u0142\u0105czony do grona dyscyplin olimpijskich, co ma znaczenie dla miasta. Nale\u017cy jednak zaznaczy\u0107, \u017ce wsparcie, kt\u00f3re otrzymali\u015bmy do tej pory jest na dosy\u0107 niskim pu\u0142apie, por\u00f3wnuj\u0105c z kwotami, kt\u00f3re otrzymuj\u0105 inne pozna\u0144skie kluby sportowe.<\/p>\n\n\n\n<h5 class=\"wp-block-heading\"><strong>Nasze codzienne funkcjonowanie oraz dalszy rozw\u00f3j umo\u017cliwione jest wi\u0119c dzi\u0119ki wsparciu sponsor\u00f3w &#8211; prywatnych przedsi\u0119biorc\u00f3w oraz wi\u0119kszych firm, kt\u00f3re zaufa\u0142y nam i zdecydowa\u0142y si\u0119 pom\u00f3c. Jak wygl\u0105da\u0142y pocz\u0105tki sponsoringu w Wiarze Lecha i jak od tej strony zorganizowany jest teraz klub?<\/strong><\/h5>\n\n\n\n<p>Na pewno osob\u0105, kt\u00f3ry zmobilizowa\u0142a nas do \u015bcis\u0142ej wsp\u00f3\u0142pracy z szerszym gronem sponsorskim by\u0142 \u015bwi\u0119tej pami\u0119ci Jacek Trzeciak, kt\u00f3ry zacz\u0105\u0142 to wszystko spaja\u0107. Cz\u0119sto wpada\u0142 na pomys\u0142y, jak zaanga\u017cowa\u0107 pozna\u0144skie \u015brodowisko biznesu, \u017ceby si\u0119 integrowali i wsp\u00f3\u0142pracowali. Zacz\u0119li\u015bmy organizowa\u0107 wigilie sponsorskie, a tak\u017ce letnie gale Wiary Lecha. Z czasem zorganizowali\u015bmy pierwsze \u015bniadanie biznesowe Wiary Lecha, na kt\u00f3rym dali\u015bmy naszym sponsorom przestrze\u0144 do zaprezentowania swoich dzia\u0142alno\u015bci i wymiany kontakt\u00f3w. Coraz szersze grono naszych sponsor\u00f3w mo\u017cna tak\u017ce zobaczy\u0107 na naszych meczach, co r\u00f3wnie\u017c cieszy oko. Stworzyli\u015bmy Niebiesko-Bia\u0142\u0105 rodzin\u0119, dzi\u0119ki kt\u00f3rej mo\u017cemy sobie pozwoli\u0107 na kolejne kroki w rozwoju wielosekcyjnej Wiary Lecha. My\u015bl\u0119, \u017ce w \u015blad za naszym rozwojem biznesowym przyszed\u0142 rozw\u00f3j marketingowy oraz sportowy, kt\u00f3rych teraz do\u015bwiadczamy.<\/p>\n\n\n\n<h5 class=\"wp-block-heading\"><strong>Poza wyzwaniami finansowymi mierzymy si\u0119 na co dzie\u0144 z wyzwaniami infrastrukturalnymi. W\u0142a\u015bciwie wszystkie nasze dru\u017cyny graj\u0105 na obiektach gminnych lub uniwersyteckich, kt\u00f3re s\u0105 w miar\u0119 mo\u017cliwo\u015bci dostosowywane do naszych wymog\u00f3w. Gdzie jest przestrze\u0144 na rozw\u00f3j Wiary Lecha w tym zakresie?<\/strong><\/h5>\n\n\n\n<p>Niestety Pozna\u0144 jest do\u015b\u0107 ograniczony infrastrukturalnie. Stadion przy ulicy Gda\u0144skiej, na kt\u00f3rym mecze domowe rozgrywa sekcja pi\u0142karska, jest prawdopodobnie najbardziej obleganym boiskiem pi\u0142karskim w Wielkopolsce i jedynym poza Stadionem przy Bu\u0142garskiej obiektem w naszym mie\u015bcie spe\u0142niaj\u0105cym wymogi licencyjne na poziomie IV ligi. Nigdzie indziej nasze mecze nie mog\u0142yby si\u0119 odbywa\u0107. Z uwagi na to mamy do\u015b\u0107 ograniczone pole manewru. Przyda\u0142aby si\u0119 szatnia, kt\u00f3ra by\u0142aby dedykowana tylko naszemu zespo\u0142owi, a tak\u017ce budka spikerska z prawdziwego zdarzenia oraz sta\u0142e ogrodzenie. Dzi\u0119ki naszemu awansowi do IV ligi obiekt na \u015ar\u00f3dce i tak zosta\u0142 delikatnie zmodernizowany, bo dobudowano sektor go\u015bci, a w najbli\u017cszym czasie ma jeszcze zosta\u0107 zmodernizowane o\u015bwietlenie. Je\u015bli chodzi o rozbudow\u0119 trybuny, p\u00f3ki co ta pojemno\u015b\u0107 jest dla nas wystarczaj\u0105ca i dopiero od tego sezonu jeste\u015bmy w stanie j\u0105 zape\u0142ni\u0107 do ostatniego miejsca.<\/p>\n\n\n\n<p>Co za\u015b tyczy si\u0119 sekcji futsalu, owocnie wsp\u00f3\u0142pracujemy z Politechnik\u0105 Pozna\u0144sk\u0105. Mecz Pucharu Polski z Red Devils Chojnice, czy kilka innych spotka\u0144 ligowych pokaza\u0142y, \u017ce nasze mecze ciesz\u0105 si\u0119 du\u017cym zainteresowaniem pozna\u0144skich kibic\u00f3w i by\u0107 mo\u017ce w przysz\u0142o\u015bci b\u0119dziemy zmuszeni poszuka\u0107 hali z jeszcze wi\u0119ksz\u0105 widowni\u0105. Jednak tutaj tak\u017ce czasem mamy zwi\u0105zane r\u0119ce z uwagi na napi\u0119ty grafik hali. W minionym sezonie z tego powodu byli\u015bmy zmuszeni rozegra\u0107 dwa mecze domowe na obiektach poza Poznaniem \u2013 w Zalasewie oraz Luboniu.<\/p>\n\n\n\n<p>Jeszcze bardziej skomplikowan\u0105 sytuacj\u0119 ma sekcja koszykarska, kt\u00f3ra korzysta na bie\u017c\u0105co z czterech sal, a w swojej historii musieli go\u015bci\u0107 na jeszcze wi\u0119kszej liczbie pozna\u0144skich obiekt\u00f3w. W tym przypadku r\u00f3wnie\u017c domy\u015bln\u0105 hal\u0105 b\u0119dzie na ten moment Centrum Sportu Politechniki Pozna\u0144skiej na Piotrowie.<\/p>\n\n\n\n<p>Nasze pi\u0142karskie rezerwy trenuj\u0105 i graj\u0105 na obiekcie w podpozna\u0144skim Robakowie, gdzie znajduje si\u0119 tak\u017ce jeden z oddzia\u0142\u00f3w naszej akademii. Tam r\u00f3wnie\u017c mamy do\u015b\u0107 ograniczone pole manewru z uwagi na bardzo ma\u0142e boisko.<\/p>\n\n\n\n<h5 class=\"wp-block-heading\"><strong>Do zarz\u0105du Stowarzyszenia Wiara Lecha do\u0142\u0105czy\u0142 Karol Jaroni \u2013 wieloletni kierownik dru\u017cyny pi\u0142karskiej. To element rozwoju sportowego i organizacyjnego klubu, kt\u00f3ry wymaga udzia\u0142u i wsparcia szerszego grona zaanga\u017cowanych os\u00f3b?<\/strong><\/h5>\n\n\n\n<p>Klub si\u0119 stale rozwija i potrzebujemy r\u0105k do pracy. Jednym z punkt\u00f3w w rozwoju, kt\u00f3re musieli\u015bmy spe\u0142ni\u0107 by\u0142o powi\u0119kszenie zarz\u0105du o jedn\u0105 osob\u0119. T\u0105 osob\u0105 jest Karol Jaroni, kt\u00f3ry od 2015 roku jest w strukturach dru\u017cyny i kt\u00f3ry dzi\u0119ki swoim dzia\u0142aniom zas\u0142u\u017cy\u0142 na obj\u0119cie tej funkcji. Na pewno b\u0119dzie znakomitym uzupe\u0142nieniem dla mojej skromnej osoby oraz dla Marcina Kawki, kt\u00f3ry jest Wiceprezesem Zarz\u0105du Stowarzyszenia Wiara Lecha. Potrzebujemy \u015bwie\u017cej krwi i cho\u0107 Karol jest z nami ju\u017c prawie 9 lat, wierz\u0119, \u017ce wniesie jeszcze du\u017co dobrego w funkcjonowanie naszego klubu. Jestem podbudowany tym ruchem i z optymizmem patrz\u0119 w nasz\u0105 przysz\u0142o\u015b\u0107.<\/p>\n\n\n\n<h5 class=\"wp-block-heading\"><strong>Na koniec nie spos\u00f3b pomin\u0105\u0107 temat wzrostu zainteresowania kibic\u00f3w naszymi meczami. Frekwencja na meczach domowych jak i wyjazdowych zw\u0142aszcza sekcji pi\u0142karskiej prezentuje si\u0119 w tym sezonie bardzo okazale. Czy wzbudzenie takiego zaanga\u017cowania w\u015br\u00f3d kiboli Lecha Pozna\u0144 to kolejna z misji Wiary Lecha?<\/strong><\/h5>\n\n\n\n<p>Na pewno jeste\u015bmy powiewem czego\u015b fajnego w IV lidze. Przede wszystkim pod k\u0105tem frekwencji i atmosfery meczowej o\u017cywili\u015bmy te rozgrywki. Ju\u017c same mecze w Poznaniu pokaza\u0142y, \u017ce IV-ligowa pi\u0142ka jest w Poznaniu po\u017c\u0105dana i cieszy si\u0119 du\u017cym zainteresowaniem. Zanotowali\u015bmy kilka komplet\u00f3w widz\u00f3w na \u015ar\u00f3dce, co do tej pory wydawa\u0142o si\u0119 nam niemo\u017cliwe. Na pewno nie pomaga\u0142y anormalne warunki atmosferyczne, gdy na meczach z Tarnovi\u0105 Tarnowo Podg\u00f3rne i Poloni\u0105 K\u0119pno zmierzyli\u015bmy si\u0119 z ulew\u0105, z mrozem na meczu z Mieszkiem Gniezno, a na koniec \u015bnie\u017cyc\u0105 podczas spotkania z Ostrovi\u0105 Ostr\u00f3w Wielkopolski. Nawet w tych warunkach kibice zape\u0142niali trybuny na \u015ar\u00f3dce i by\u0142 prowadzony doping. Je\u015bli chodzi o mecze wyjazdowe, grywali\u015bmy na ni\u017cszych poziomach rozgrywkowych przy g\u0142o\u015bnym dopingu Fan Club\u00f3w Kolejorza, ale to co si\u0119 wydarzy\u0142o w tym sezonie, to by\u0142o co\u015b absolutnie wyj\u0105tkowego, bo wcze\u015bniej zdarza\u0142o si\u0119 to raz, mo\u017ce dwa na rund\u0119, a teraz jeste\u015bmy g\u0142o\u015bno wspierani w\u0142a\u015bciwie na ka\u017cdym spotkaniu.<\/p>\n\n\n\n<p>Wyj\u0105tkiem by\u0142 w zasadzie tylko wyjazdowy mecz z Pogoni\u0105 \u0141ob\u017cenica, kt\u00f3ry z inicjatywy rywali odbywa\u0142 si\u0119 w terminie spotkania Lecha z Cracovi\u0105. Nawet gdy Polonia Leszno chcia\u0142a pokrzy\u017cowa\u0107 kibolom plany, ustawiaj\u0105c nasz mecz w terminie Derb\u00f3w Poznania, mogli\u015bmy liczy\u0107 na liczne i g\u0142o\u015bne wsparcie FC Leszno. Wydaje mi si\u0119, \u017ce rekord frekwencyjny pad\u0142 we Wrze\u015bni, gdzie kibice zebrali si\u0119 na trybunie na ca\u0142ej d\u0142ugo\u015bci boiska i dzi\u0119ki ich dopingowi zaliczyli\u015bmy pierwsze wyjazdowe zwyci\u0119stwo w IV lidze.<\/p>\n\n\n\n<p>Generalnie wida\u0107, \u017ce kibicom Lecha i ca\u0142ej pi\u0142karskiej Wielkopolsce potrzebny by\u0142 taki zesp\u00f3\u0142 na tym poziomie rozgrywkowym, \u017ceby rozrusza\u0107 trybuny. Na futsalu r\u00f3wnie\u017c regularnie pojawia si\u0119 mi\u0119dzy 200 a 300 os\u00f3b na meczach domowych, co tworzy niezapomnian\u0105 atmosfer\u0119. Na pewno ciesz\u0119 si\u0119, \u017ce nasz Kibolski Klub Sportowy licznie zrzesza na swoich spotkaniach kiboli Kolejorza, bo to pokazuje, co tak naprawd\u0119 oznacza Wiara Lecha.<\/p>\n","protected":false},"excerpt":{"rendered":"<p>Po niespe\u0142na trzynastu latach funkcjonowania jako klub sportowy, Wiara Lecha sta\u0142a si\u0119 jednym z czo\u0142owych klub\u00f3w w Poznaniu. Pawe\u0142 Piestrzy\u0144ski &#8211; Prezes Zarz\u0105du Stowarzyszenia Wiara Lecha opowiada o planach, wyzwaniach oraz zmianach w strukturach i funkcjonowaniu klubu.<\/p>\n","protected":false},"author":2,"featured_media":13102,"comment_status":"closed","ping_status":"closed","sticky":false,"template":"","format":"standard","meta":{"_acf_changed":false,"_jetpack_memberships_contains_paid_content":false,"footnotes":""},"categories":[69],"tags":[],"class_list":["post-13047","post","type-post","status-publish","format-standard","has-post-thumbnail","hentry","category-wypowiedzi"],"acf":[],"jetpack_featured_media_url":"https:\/\/www.wiaralecha.pl\/wp-content\/uploads\/2024\/05\/Prezes_wypowiedz.png","jetpack_sharing_enabled":true,"_links":{"self":[{"href":"https:\/\/www.wiaralecha.pl\/index.php\/wp-json\/wp\/v2\/posts\/13047","targetHints":{"allow":["GET"]}}],"collection":[{"href":"https:\/\/www.wiaralecha.pl\/index.php\/wp-json\/wp\/v2\/posts"}],"about":[{"href":"https:\/\/www.wiaralecha.pl\/index.php\/wp-json\/wp\/v2\/types\/post"}],"author":[{"embeddable":true,"href":"https:\/\/www.wiaralecha.pl\/index.php\/wp-json\/wp\/v2\/users\/2"}],"replies":[{"embeddable":true,"href":"https:\/\/www.wiaralecha.pl\/index.php\/wp-json\/wp\/v2\/comments?post=13047"}],"version-history":[{"count":7,"href":"https:\/\/www.wiaralecha.pl\/index.php\/wp-json\/wp\/v2\/posts\/13047\/revisions"}],"predecessor-version":[{"id":13108,"href":"https:\/\/www.wiaralecha.pl\/index.php\/wp-json\/wp\/v2\/posts\/13047\/revisions\/13108"}],"wp:featuredmedia":[{"embeddable":true,"href":"https:\/\/www.wiaralecha.pl\/index.php\/wp-json\/wp\/v2\/media\/13102"}],"wp:attachment":[{"href":"https:\/\/www.wiaralecha.pl\/index.php\/wp-json\/wp\/v2\/media?parent=13047"}],"wp:term":[{"taxonomy":"category","embeddable":true,"href":"https:\/\/www.wiaralecha.pl\/index.php\/wp-json\/wp\/v2\/categories?post=13047"},{"taxonomy":"post_tag","embeddable":true,"href":"https:\/\/www.wiaralecha.pl\/index.php\/wp-json\/wp\/v2\/tags?post=13047"}],"curies":[{"name":"wp","href":"https:\/\/api.w.org\/{rel}","templated":true}]}}