{"id":14041,"date":"2024-08-28T10:09:42","date_gmt":"2024-08-28T08:09:42","guid":{"rendered":"https:\/\/www.wiaralecha.pl\/?p=14041"},"modified":"2024-08-29T11:32:18","modified_gmt":"2024-08-29T09:32:18","slug":"mateusz-pacek-i-maksymilian-walczak-zrobimy-wszystko-co-w-naszej-mocy-zeby-godnie-pozegnac-arcziego-i-nowaka","status":"publish","type":"post","link":"https:\/\/www.wiaralecha.pl\/index.php\/2024\/08\/28\/mateusz-pacek-i-maksymilian-walczak-zrobimy-wszystko-co-w-naszej-mocy-zeby-godnie-pozegnac-arcziego-i-nowaka\/","title":{"rendered":"Mateusz Pacek i Maksymilian Walczak: Zrobimy wszystko, co w naszej mocy, \u017ceby godnie po\u017cegna\u0107 Arcziego i Nowaka"},"content":{"rendered":"\n<h2 class=\"wp-block-heading\"><strong>Wiara Lecha jest w trakcie znakomitej passy 4 zwyci\u0119stw z rz\u0119du i plasuje si\u0119 na 2 miejscu 2 tabeli IV ligi, co jest najlepszym wynikiem w 13-letniej historii Wiary Lecha. Mateusz Pacek oraz Maksymilian Walczak odnie\u015bli si\u0119 do ostatnich wynik\u00f3w Niebiesko-Bia\u0142ych przed spotkaniem z Obr\u0105 Ko\u015bcian, w kt\u00f3rym po raz ostatni zagraj\u0105 dwie legendy Dru\u017cyny Wiary Lecha &#8211; Artur Adamski oraz Jakub Nowak. <\/strong><\/h2>\n\n\n\n<p><strong>Mateusz Pacek &#8211; pomocnik Wiary Lecha:<\/strong> Weszli\u015bmy w mecz z Ostrovi\u0105 bardzo dobrze. Od pocz\u0105tku narzucili\u015bmy wysokie tempo, tworzyli\u015bmy sobie okazje do zdobycia bramek i uda\u0142o si\u0119 jedn\u0105 z nich wykorzysta\u0107. W p\u00f3\u017aniejszym etapie spotkania gra si\u0119 nieco wyr\u00f3wna\u0142a, a nasi rywale r\u00f3wnie\u017c zacz\u0119li wyprowadza\u0107 gro\u017ane ataki i musieli\u015bmy by\u0107 skoncentrowani w defensywie, aby nie dopu\u015bci\u0107 do straty bramki. Na szcz\u0119\u015bcie dzi\u0119ki niesamowitym obronom, w tym rzutu karnego, Miko\u0142aja Nawrowskiego oraz dobrej pracy ca\u0142ego zespo\u0142u, unikn\u0119li\u015bmy straty bramki i w kolejnym meczu w tym sezonie postawili\u015bmy kropk\u0119 nad i zdobywaj\u0105c bramk\u0119 w ko\u0144c\u00f3wce.<br><br>Mecz z Go\u0142uchowem pos\u0142u\u017cy\u0142 nam za zimny prysznic na start sezonu i wydaje si\u0119, \u017ce by\u0142o to nam potrzebne. Jeste\u015bmy oczywi\u015bcie bardzo zadowoleni z wynik\u00f3w i historycznej dla klubu pozycji w tabeli, ale ca\u0142y czas mamy \u015bwiadomo\u015b\u0107, \u017ce to dopiero pocz\u0105tek sezonu. Liga wydaje si\u0119 bardzo wyr\u00f3wnana i musimy do ka\u017cdego meczu podchodzi\u0107 z ch\u0142odn\u0105 g\u0142ow\u0105 i gra\u0107 jak najlepiej w pi\u0142k\u0119, a jak to nam si\u0119 uda to z pewno\u015bci\u0105 b\u0119dziemy mieli wiele okazji w tym sezonie, aby po meczach \u015bwi\u0119towa\u0107 z naszymi kibicami.<br><br>Pomimo tego, \u017ce jestem stosunkowo kr\u00f3tko w tej dru\u017cynie, odczu\u0142em na w\u0142asnej sk\u00f3rze jak wa\u017cni dla tej dru\u017cyny s\u0105 Arczi i Nowak. Nie bez powodu nosz\u0105 miano legend tej dru\u017cyny i zale\u017cy nam na tym, \u017ceby po\u017cegna\u0107 ich w jak najlepszym stylu. Dlatego musimy jak najlepiej przepracowa\u0107 ten tydzie\u0144 i utrzyma\u0107 dobr\u0105 dyspozycj\u0119 z ostatnich mecz\u00f3w. Obra to wymagaj\u0105cy rywal, z kt\u00f3rym nie mieli\u015bmy do tej pory najlepszych wynik\u00f3w, ale my\u015bl\u0119, \u017ce motywacji do zaprezentowania si\u0119 w tym meczu jak najlepiej nam nie zabraknie. W tym szczeg\u00f3lnym meczu, kt\u00f3ry dodatkowo wypada w 13. rocznic\u0119 pierwszego spotkania Wiary Lecha w historii, liczymy na pewno na wsparcie naszych koleg\u00f3w z trybun.<br><br><strong>Maksymilian Walczak &#8211; pomocnik Wiary Lecha:<\/strong> To zwyci\u0119stwo cieszy jak ka\u017cde. Nie by\u0142 to \u0142atwy mecz, przeciwnik mia\u0142 pomys\u0142 na gr\u0119. Wida\u0107 by\u0142o, \u017ce trenowali pewne schematy, co sprawia\u0142o nam trudno\u015bci. Na szcz\u0119\u015bcie mecz trwa 90 minut, gdzie finalnie to my nasz\u0105 determinacj\u0105, walk\u0105 i skuteczno\u015bci\u0105 przypiecz\u0119towali\u015bmy rezultat tego spotkania.<br><br>Na pewno szkoda tej pierwszej kolejki i zgubionych punkt\u00f3w w Go\u0142uchowie, gdzie nasza gra nie wygl\u0105da\u0142a tak, jak mia\u0142a wygl\u0105da\u0107. Wyci\u0105gn\u0119li\u015bmy wnioski i z meczu na mecz coraz bardziej si\u0119 rozkr\u0119camy. Nie boj\u0119 si\u0119 tego powiedzie\u0107, \u017ce jeste\u015bmy w grze w walce o awans, taka powinna by\u0107 nasza mentalno\u015b\u0107. Mamy szerszy sk\u0142ad ni\u017c w zesz\u0142ym sezonie, ka\u017cdy wnosi jako\u015b\u0107 wchodz\u0105c na boisko, wi\u0119c o co mamy gra\u0107, jak nie o najwy\u017csz\u0105 stawk\u0119? Mamy dobr\u0105 pass\u0119, ale to dopiero pocz\u0105tek sezonu, du\u017co mecz\u00f3w przed nami i wszystko mo\u017ce si\u0119 jeszcze wydarzy\u0107.<br><br>To b\u0119dzie wyj\u0105tkowy mecz &#8211; po\u017cegnanie Arcziego i Nowaka w 13 rocznic\u0119 debiutu nie tylko tych zawodnik\u00f3w, ale tak\u017ce ca\u0142ej Wiary Lecha. Mieli du\u017cy wk\u0142ad w zesp\u00f3\u0142 od samego pocz\u0105tku powstania klubu. Nie mo\u017cna odm\u00f3wi\u0107 im r\u00f3wnie\u017c charyzmy i tego z pewno\u015bci\u0105 b\u0119dzie brakowa\u0107 w szatni. <br>Szczeg\u00f3lny sentyment mam do Arcziego, bo pami\u0119tam, \u017ce jak wchodzi\u0142em do dru\u017cyny, jako pierwszy ze \u201estarszyzny\u201d wyci\u0105gn\u0105\u0142 do mnie r\u0119k\u0119. Z\u0142apali\u015bmy dobry kontakt mi\u0119dzy sob\u0105 i tak zosta\u0142o do dzisiaj. Pi\u0142karsko i jako cz\u0142owiek z\u0142ego s\u0142owa nigdy nie powiem &#8211; mega go\u015b\u0107. Zrobimy wszystko, co w naszej mocy, \u017ceby godnie po\u017cegna\u0107 ch\u0142opak\u00f3w i zapami\u0119tali t\u0119 chwil\u0119 do ko\u0144ca \u017cycia. Widzimy si\u0119 wszyscy na \u015ar\u00f3dce, a emocji z pewno\u015bci\u0105 nie zabraknie.<\/p>\n","protected":false},"excerpt":{"rendered":"<p>Wiara Lecha jest w trakcie znakomitej passy 4 zwyci\u0119stw z rz\u0119du i plasuje si\u0119 na 2 miejscu 2 tabeli IV ligi, co jest najlepszym wynikiem w 13-letniej historii Wiary Lecha. Mateusz Pacek oraz Maksymilian Walczak odnie\u015bli si\u0119 do ostatnich wynik\u00f3w Niebiesko-Bia\u0142ych przed spotkaniem z Obr\u0105 Ko\u015bcian, w kt\u00f3rym po raz ostatni zagraj\u0105 dwie legendy Dru\u017cyny Wiary Lecha &#8211; Artur Adamski oraz Jakub Nowak. <\/p>\n","protected":false},"author":5,"featured_media":14056,"comment_status":"closed","ping_status":"closed","sticky":false,"template":"","format":"standard","meta":{"_acf_changed":false,"_jetpack_memberships_contains_paid_content":false,"footnotes":""},"categories":[69],"tags":[],"class_list":["post-14041","post","type-post","status-publish","format-standard","has-post-thumbnail","hentry","category-wypowiedzi"],"acf":[],"jetpack_featured_media_url":"https:\/\/www.wiaralecha.pl\/wp-content\/uploads\/2024\/08\/456984846_879150350928662_3672496380294817358_n.jpg","jetpack_sharing_enabled":true,"_links":{"self":[{"href":"https:\/\/www.wiaralecha.pl\/index.php\/wp-json\/wp\/v2\/posts\/14041","targetHints":{"allow":["GET"]}}],"collection":[{"href":"https:\/\/www.wiaralecha.pl\/index.php\/wp-json\/wp\/v2\/posts"}],"about":[{"href":"https:\/\/www.wiaralecha.pl\/index.php\/wp-json\/wp\/v2\/types\/post"}],"author":[{"embeddable":true,"href":"https:\/\/www.wiaralecha.pl\/index.php\/wp-json\/wp\/v2\/users\/5"}],"replies":[{"embeddable":true,"href":"https:\/\/www.wiaralecha.pl\/index.php\/wp-json\/wp\/v2\/comments?post=14041"}],"version-history":[{"count":4,"href":"https:\/\/www.wiaralecha.pl\/index.php\/wp-json\/wp\/v2\/posts\/14041\/revisions"}],"predecessor-version":[{"id":14059,"href":"https:\/\/www.wiaralecha.pl\/index.php\/wp-json\/wp\/v2\/posts\/14041\/revisions\/14059"}],"wp:featuredmedia":[{"embeddable":true,"href":"https:\/\/www.wiaralecha.pl\/index.php\/wp-json\/wp\/v2\/media\/14056"}],"wp:attachment":[{"href":"https:\/\/www.wiaralecha.pl\/index.php\/wp-json\/wp\/v2\/media?parent=14041"}],"wp:term":[{"taxonomy":"category","embeddable":true,"href":"https:\/\/www.wiaralecha.pl\/index.php\/wp-json\/wp\/v2\/categories?post=14041"},{"taxonomy":"post_tag","embeddable":true,"href":"https:\/\/www.wiaralecha.pl\/index.php\/wp-json\/wp\/v2\/tags?post=14041"}],"curies":[{"name":"wp","href":"https:\/\/api.w.org\/{rel}","templated":true}]}}