{"id":14061,"date":"2024-08-29T12:03:44","date_gmt":"2024-08-29T10:03:44","guid":{"rendered":"https:\/\/www.wiaralecha.pl\/?p=14061"},"modified":"2024-08-29T12:03:47","modified_gmt":"2024-08-29T10:03:47","slug":"na-zakonczenie-sierpniowej-kampanii-z-obra-koscian","status":"publish","type":"post","link":"https:\/\/www.wiaralecha.pl\/index.php\/2024\/08\/29\/na-zakonczenie-sierpniowej-kampanii-z-obra-koscian\/","title":{"rendered":"Na zako\u0144czenie sierpniowej kampanii z Obr\u0105 Ko\u015bcian"},"content":{"rendered":"\n<h2 class=\"wp-block-heading\"><strong>Domowym pojedynkiem Wiara Lecha zako\u0144czy pierwszy miesi\u0105c rywalizacji w sezonie 2024\/2025. Dok\u0142adnie w 13. rocznic\u0119 pierwszego, historycznego meczu lechici zmierz\u0105 si\u0119 z Obr\u0105 Ko\u015bcian. Pojedynek, kt\u00f3ry b\u0119dzie po\u017cegnaniem z pi\u0142karsk\u0105 przygod\u0105 Artura Adamskiego i Jakuba Nowaka rozpocznie si\u0119 o godzinie 17:30. <\/strong><\/h2>\n\n\n\n<p>Ostatnie tygodnie s\u0105 niezwykle udane dla Wiary Lecha. Niebiesko-Biali w ubieg\u0142\u0105 sobot\u0119 wygrali czwarty mecz z rz\u0119du i awansowali na drugie miejsce w tabeli. Dodatkowym powodem do rado\u015bci jest powi\u0119kszenie passy spotka\u0144 bez pora\u017cki do siedmiu. Kolejnym rywalem lechit\u00f3w b\u0119dzie ko\u015bcia\u0144ska Obra, kt\u00f3ra dok\u0142adnie rok temu przerwa\u0142a Kibolom seri\u0119 sze\u015bciu mecz\u00f3w bez przegranej. <\/p>\n\n\n\n<p>Lechici dwukrotnie rywalizowali z Obr\u0105. Oba spotkania przegrali r\u00f3\u017cnic\u0105 jednego gola. Przy Gda\u0144skiej go\u015bcie pokonali Niebiesko-Bia\u0142ych 3:2, cho\u0107 po kwadransie przegrywali 0:2. W rewan\u017cu o zwyci\u0119stwie Obry zadecydowa\u0142a jedna bramka zdobyta w 71 min. <\/p>\n\n\n\n<p>Ko\u015bcianianie nie przegrali \u017cadnego z ostatnich o\u015bmiu mecz\u00f3w, a w obecnej kampanii s\u0105 jedn\u0105 z dw\u00f3ch niepokonanych dru\u017cyn. Do drugiej Wiary Lecha trac\u0105 jeden punkt. Obra w pi\u0119ciu spotkaniach odnios\u0142a trzy zwyci\u0119stwa (4:0 z Centr\u0105, 1:0 z Jarot\u0105 i 2:0 z Koron\u0105) i dwukrotnie zremisowa\u0142a (po 1:1 z Ostrovi\u0105 i goli\u0144sk\u0105 Poloni\u0105). <\/p>\n\n\n\n<p>Dla Wiary Lecha sobotnia potyczka b\u0119dzie wyj\u0105tkowa. Dwaj zawodnicy, kt\u00f3rzy wyst\u0105pili w pierwszym, historycznym pojedynku dru\u017cyny kibic\u00f3w Lecha Pozna\u0144 zako\u0144cz\u0105 przygod\u0119 z pi\u0142k\u0105 no\u017cn\u0105. B\u0119dzie to ostatni mecz dla Artura Adamskiego i Jakuba Nowaka, kt\u00f3rzy w Niebiesko-Bia\u0142ych barwach wyst\u0119powali nieprzerwalnie przez trzyna\u015bcie lat. <\/p>\n\n\n\n<p>Mecz 5. kolejki IV ligi pomi\u0119dzy Wiar\u0105 Lecha i Obr\u0105 Ko\u015bcian odb\u0119dzie si\u0119 w sobot\u0119, 31 sierpnia o godzinie 17:30 na stadionie MOS przy ulicy Gda\u0144skiej. Wej\u015bcie na trybun\u0119 b\u0119dzie p\u0142atne, a koszt biletu-cegie\u0142ki wyniesie 10 z\u0142otych (dzieci do lat 10 wchodz\u0105 za darmo). <\/p>\n","protected":false},"excerpt":{"rendered":"<p>Domowym pojedynkiem Wiara Lecha zako\u0144czy pierwszy miesi\u0105c rywalizacji w sezonie 2024\/2025. Dok\u0142adnie w 13. rocznic\u0119 pierwszego, historycznego meczu lechici zmierz\u0105 si\u0119 z Obr\u0105 Ko\u015bcian. Pojedynek, kt\u00f3ry b\u0119dzie po\u017cegnaniem z pi\u0142karsk\u0105 przygod\u0105 Artura Adamskiego i Jakuba Nowaka rozpocznie si\u0119 o godzinie 17:30. <\/p>\n","protected":false},"author":2,"featured_media":14063,"comment_status":"closed","ping_status":"closed","sticky":false,"template":"","format":"standard","meta":{"_acf_changed":false,"_jetpack_memberships_contains_paid_content":false,"footnotes":""},"categories":[81],"tags":[],"class_list":["post-14061","post","type-post","status-publish","format-standard","has-post-thumbnail","hentry","category-zapowiedz-meczu"],"acf":[],"jetpack_featured_media_url":"https:\/\/www.wiaralecha.pl\/wp-content\/uploads\/2024\/08\/DWLOBR_zapowiedz-1.png","jetpack_sharing_enabled":true,"_links":{"self":[{"href":"https:\/\/www.wiaralecha.pl\/index.php\/wp-json\/wp\/v2\/posts\/14061","targetHints":{"allow":["GET"]}}],"collection":[{"href":"https:\/\/www.wiaralecha.pl\/index.php\/wp-json\/wp\/v2\/posts"}],"about":[{"href":"https:\/\/www.wiaralecha.pl\/index.php\/wp-json\/wp\/v2\/types\/post"}],"author":[{"embeddable":true,"href":"https:\/\/www.wiaralecha.pl\/index.php\/wp-json\/wp\/v2\/users\/2"}],"replies":[{"embeddable":true,"href":"https:\/\/www.wiaralecha.pl\/index.php\/wp-json\/wp\/v2\/comments?post=14061"}],"version-history":[{"count":1,"href":"https:\/\/www.wiaralecha.pl\/index.php\/wp-json\/wp\/v2\/posts\/14061\/revisions"}],"predecessor-version":[{"id":14064,"href":"https:\/\/www.wiaralecha.pl\/index.php\/wp-json\/wp\/v2\/posts\/14061\/revisions\/14064"}],"wp:featuredmedia":[{"embeddable":true,"href":"https:\/\/www.wiaralecha.pl\/index.php\/wp-json\/wp\/v2\/media\/14063"}],"wp:attachment":[{"href":"https:\/\/www.wiaralecha.pl\/index.php\/wp-json\/wp\/v2\/media?parent=14061"}],"wp:term":[{"taxonomy":"category","embeddable":true,"href":"https:\/\/www.wiaralecha.pl\/index.php\/wp-json\/wp\/v2\/categories?post=14061"},{"taxonomy":"post_tag","embeddable":true,"href":"https:\/\/www.wiaralecha.pl\/index.php\/wp-json\/wp\/v2\/tags?post=14061"}],"curies":[{"name":"wp","href":"https:\/\/api.w.org\/{rel}","templated":true}]}}