{"id":14474,"date":"2024-10-18T15:50:50","date_gmt":"2024-10-18T13:50:50","guid":{"rendered":"https:\/\/www.wiaralecha.pl\/?p=14474"},"modified":"2024-10-18T15:52:03","modified_gmt":"2024-10-18T13:52:03","slug":"futsal-w-niedziele-futsalowe-derby-wielkopolski","status":"publish","type":"post","link":"https:\/\/www.wiaralecha.pl\/index.php\/2024\/10\/18\/futsal-w-niedziele-futsalowe-derby-wielkopolski\/","title":{"rendered":"Futsal: W niedziel\u0119 futsalowe derby Wielkopolski"},"content":{"rendered":"\n<h2 class=\"wp-block-heading\"><strong>Sekcja futsalu Wiary Lecha w niedziel\u0119, 20 pa\u017adziernika o godzinie 18 zmierzy si\u0119 z KKF-em Konin. Derby Wielkopolski zostan\u0105 rozegrane w hali Centrum Sportu Politechniki Pozna\u0144skiej przy ulicy Piotrowo. <\/strong><\/h2>\n\n\n\n<p>Dopiero w czwartym meczu Wiara Lecha zaprezentuje si\u0119 w domowej hali na pozna\u0144skim Piotrowie. Poprzedni wyst\u0119p w stolicy Wielkopolski, kt\u00f3ry by\u0142 zarazem historycznym wyst\u0119pem lechit\u00f3w w I lidze futsalu, mia\u0142 miejsce na Morasku w obiekcie UAM-u. Lechici zremisowali tam na inauguracj\u0119 z Wenecj\u0105 Pu\u0142tusk 6:6. By\u0142a to pierwsza strata punkt\u00f3w w Poznaniu. Wcze\u015bniej, w swojej 3-letniej historii, futsali\u015bci Kolejorza byli bezb\u0142\u0119dni. <\/p>\n\n\n\n<p>Po podziale punkt\u00f3w w pierwszej kolejce Wiara Lecha ruszy\u0142a w Polsk\u0119 na dwa wyjazdowe pojedynki. Z delegacji wr\u00f3ci\u0142a z sze\u015bcioma oczkami &#8211; wygra\u0142a w Gnie\u017anie 7:3, a nast\u0119pnie odnios\u0142a okaza\u0142e zwyci\u0119stwo 8:2 nad bia\u0142ostock\u0105 Jagielloni\u0105. Obecnie z siedmioma punktami lechici zajmuj\u0105 drug\u0105 lokat\u0119. Ust\u0119puj\u0105 jedynie Futsalowi \u015awiecie, kt\u00f3ry jako jedyny mo\u017ce pochwali\u0107 si\u0119 100-procentow\u0105 skuteczno\u015bci\u0105. <\/p>\n\n\n\n<p>Na drugim biegunie s\u0105 pozosta\u0142e dwie dru\u017cyny z Wielkopolski &#8211; KS Gniezno i KKF Konin. Drugi z wymienionych zespo\u0142\u00f3w b\u0119dzie najbli\u017cszym przeciwnikiem poznaniak\u00f3w. Koninianie w dotychczasowych potyczkach ponie\u015bli komplet pora\u017cek &#8211; u siebie ulegli Wenecji Pu\u0142tusk (4:8), a na wyjazdach przegrali w \u0141owiczu (4:5) i Gda\u0144sku (2:6). Wiara Lecha rywalizowa\u0142a z KKF-em o awans do I ligi dwa sezony temu. Wy\u015bcig po promocj\u0119 na zaplecze Ekstraklasy wygra\u0142 w\u00f3wczas zesp\u00f3\u0142 ze wschodniej Wielkopolski. W dwumeczu pad\u0142 remis ze wskazaniem na Niebiesko-Bia\u0142ych, kt\u00f3rzy mogli pochwali\u0107 si\u0119 lepszym bilansem bramkowym. Lechici przegrali na wyje\u017adzie 0:2, ale w rewan\u017cu ograli koninian 7:2. <\/p>\n\n\n\n<p>Mecz 4. kolejki I ligi futsalu pomi\u0119dzy Wiar\u0105 Lecha i KKF-em Konin odb\u0119dzie si\u0119 w niedziel\u0119, 20 pa\u017adziernika o godzinie 18 w hali Centrum Sportu Politechniki Pozna\u0144skiej przy ulicy Piotrowo. Wej\u015bcie na mecz b\u0119dzie p\u0142atne. Koszy biletu-cegie\u0142ki wynosi 10 z\u0142otych. <\/p>\n","protected":false},"excerpt":{"rendered":"<p>Sekcja futsalu Wiary Lecha w niedziel\u0119, 20 pa\u017adziernika o godzinie 18 zmierzy si\u0119 z KKF-em Konin. Derby Wielkopolski zostan\u0105 rozegrane w hali Centrum Sportu Politechniki Pozna\u0144skiej przy ulicy Piotrowo. <\/p>\n","protected":false},"author":2,"featured_media":14475,"comment_status":"closed","ping_status":"closed","sticky":false,"template":"","format":"standard","meta":{"_acf_changed":false,"_jetpack_memberships_contains_paid_content":false,"footnotes":""},"categories":[118],"tags":[],"class_list":["post-14474","post","type-post","status-publish","format-standard","has-post-thumbnail","hentry","category-futsal"],"acf":[],"jetpack_featured_media_url":"https:\/\/www.wiaralecha.pl\/wp-content\/uploads\/2024\/10\/FWLKKF_zapowiedz.png","jetpack_sharing_enabled":true,"_links":{"self":[{"href":"https:\/\/www.wiaralecha.pl\/index.php\/wp-json\/wp\/v2\/posts\/14474","targetHints":{"allow":["GET"]}}],"collection":[{"href":"https:\/\/www.wiaralecha.pl\/index.php\/wp-json\/wp\/v2\/posts"}],"about":[{"href":"https:\/\/www.wiaralecha.pl\/index.php\/wp-json\/wp\/v2\/types\/post"}],"author":[{"embeddable":true,"href":"https:\/\/www.wiaralecha.pl\/index.php\/wp-json\/wp\/v2\/users\/2"}],"replies":[{"embeddable":true,"href":"https:\/\/www.wiaralecha.pl\/index.php\/wp-json\/wp\/v2\/comments?post=14474"}],"version-history":[{"count":3,"href":"https:\/\/www.wiaralecha.pl\/index.php\/wp-json\/wp\/v2\/posts\/14474\/revisions"}],"predecessor-version":[{"id":14478,"href":"https:\/\/www.wiaralecha.pl\/index.php\/wp-json\/wp\/v2\/posts\/14474\/revisions\/14478"}],"wp:featuredmedia":[{"embeddable":true,"href":"https:\/\/www.wiaralecha.pl\/index.php\/wp-json\/wp\/v2\/media\/14475"}],"wp:attachment":[{"href":"https:\/\/www.wiaralecha.pl\/index.php\/wp-json\/wp\/v2\/media?parent=14474"}],"wp:term":[{"taxonomy":"category","embeddable":true,"href":"https:\/\/www.wiaralecha.pl\/index.php\/wp-json\/wp\/v2\/categories?post=14474"},{"taxonomy":"post_tag","embeddable":true,"href":"https:\/\/www.wiaralecha.pl\/index.php\/wp-json\/wp\/v2\/tags?post=14474"}],"curies":[{"name":"wp","href":"https:\/\/api.w.org\/{rel}","templated":true}]}}