{"id":14530,"date":"2024-10-23T11:43:04","date_gmt":"2024-10-23T09:43:04","guid":{"rendered":"https:\/\/www.wiaralecha.pl\/?p=14530"},"modified":"2024-10-28T10:28:12","modified_gmt":"2024-10-28T09:28:12","slug":"lukasz-szuminski-i-mateusz-szela-po-porazce-z-lipnem-steszew-to-nie-byl-nasz-dzien","status":"publish","type":"post","link":"https:\/\/www.wiaralecha.pl\/index.php\/2024\/10\/23\/lukasz-szuminski-i-mateusz-szela-po-porazce-z-lipnem-steszew-to-nie-byl-nasz-dzien\/","title":{"rendered":"\u0141ukasz Szumi\u0144ski i Mateusz Szel\u0105 po pora\u017cce z Lipnem St\u0119szew: To nie by\u0142 nasz dzie\u0144"},"content":{"rendered":"\n<h2 class=\"wp-block-heading\"><strong>Wiara Lecha zaliczy\u0142a trzeci\u0105 pora\u017ck\u0119 w tym sezonie, przegrywaj\u0105c w meczu 13. kolejki z liderem tabeli &#8211; Lipnem St\u0119szew. Niedzielne potkni\u0119cie nie powinno zaburzy\u0107 obrazu postawy Kiboli w rundzie jesiennej, o czym wspominaj\u0105 Lechici &#8211; \u0141ukasz Szumi\u0144ski oraz Mateusz Szel\u0105g.<\/strong><\/h2>\n\n\n\n<p><strong>\u0141ukasz Szumi\u0144ski &#8211; pomocnik Wiary Lecha:<\/strong> To bolesna pora\u017cka, zw\u0142aszcza \u017ce mecz od pocz\u0105tku nie uk\u0142ada\u0142 si\u0119 po naszej my\u015bli. Ju\u017c w drugiej minucie stracili\u015bmy gola, a gospodarze zepchn\u0119li nas do g\u0142\u0119bokiej defensywy. Mimo to, skutecznie si\u0119 bronili\u015bmy, ale pod koniec pierwszej po\u0142owy nie wykorzystali\u015bmy rzutu karnego. W drugiej cz\u0119\u015bci gry sytuacja si\u0119 pogorszy\u0142a \u2013 po czerwonej kartce musieli\u015bmy gra\u0107 w os\u0142abieniu, a zesp\u00f3\u0142 Lipna szybko to wykorzysta\u0142, punktuj\u0105c nas bezlito\u015bnie.<\/p>\n\n\n\n<p>Mimo tej pora\u017cki, uwa\u017cam, \u017ce do tej pory to udana runda w naszym wykonaniu. Wci\u0105\u017c jeste\u015bmy w czo\u0142\u00f3wce i chcemy tam pozosta\u0107. Nawet po pi\u0119ciu straconych bramkach, nasza defensywa wygl\u0105da lepiej ni\u017c w zesz\u0142ym sezonie, co przek\u0142ada si\u0119 na lepsze wyniki i wy\u017csz\u0105 pozycj\u0119 w tabeli.<\/p>\n\n\n\n<p>Cieszymy si\u0119, \u017ce szybko mo\u017cemy si\u0119 zrehabilitowa\u0107 za t\u0119 przegran\u0105. W sobot\u0119 czeka nas trudny mecz w \u015alesinie, ale damy z siebie wszystko, by wr\u00f3ci\u0107 na zwyci\u0119skie tory. Liczymy r\u00f3wnie\u017c na wsparcie naszych koleg\u00f3w z trybun, kt\u00f3rzy nam pomog\u0105 w walce o wygran\u0105.<\/p>\n\n\n\n<p><strong>Mateusz Szel\u0105g &#8211; obro\u0144ca Wiary Lecha: <\/strong>Od pocz\u0105tku wiedzieli\u015bmy, \u017ce to b\u0119dzie hit rundy. Wyszli\u015bmy zmotywowani, ale przespali\u015bmy pocz\u0105tek meczu, co rywale szybko wykorzystali. Z ka\u017cd\u0105 minut\u0105 grali\u015bmy coraz lepiej, co doprowadzi\u0142o do rzutu karnego, kt\u00f3rego niestety nie wykorzystali\u015bmy. Czerwona kartka w drugiej po\u0142owie dodatkowo skomplikowa\u0142a nasz\u0105 sytuacj\u0119. Przeciwnik tego dnia zas\u0142u\u017cenie wygra\u0142, a nic nie sz\u0142o po naszej my\u015bli. Lepiej jednak przegra\u0107 jeden mecz 5:0, ni\u017c pi\u0119\u0107 spotka\u0144 po 1:0.<\/p>\n\n\n\n<p>Stracili\u015bmy pi\u0119\u0107 bramek w jednym spotkaniu, lecz grali\u015bmy te\u017c jednego zawodnika mniej. To by\u0142 po prostu wypadek przy pracy, a takie dni si\u0119 zdarzaj\u0105. Teraz pozostaje nam ci\u0119\u017cka praca i walka o to, by w sobot\u0119 pokaza\u0107, \u017ce to tylko przypadek.<\/p>\n\n\n\n<p>Mecz z beniaminkiem ze \u015alesina na pewno nie b\u0119dzie \u0142atwy. Po wynikach wida\u0107, \u017ce potrafi\u0105 postawi\u0107 op\u00f3r nawet najlepszym zespo\u0142om. Trzeba podchodzi\u0107 do ka\u017cdego meczu z szacunkiem, a my zamierzamy trenowa\u0107 i skupi\u0107 si\u0119 na tym, co przed nami. Przesz\u0142o\u015b\u0107 jest ju\u017c za nami, teraz chcemy zako\u0144czy\u0107 rund\u0119 jesienn\u0105 jak najwy\u017cej.<\/p>\n","protected":false},"excerpt":{"rendered":"<p>Wiara Lecha zaliczy\u0142a trzeci\u0105 pora\u017ck\u0119 w tym sezonie, przegrywaj\u0105c w meczu 13. kolejki z liderem tabeli &#8211; Lipnem St\u0119szew. Niedzielne potkni\u0119cie nie powinno zaburzy\u0107 obrazu postawy Kiboli w rundzie jesiennej, o czym wspominaj\u0105 Lechici &#8211; \u0141ukasz Szumi\u0144ski oraz Mateusz Szel\u0105g.<\/p>\n","protected":false},"author":5,"featured_media":14537,"comment_status":"closed","ping_status":"closed","sticky":false,"template":"","format":"standard","meta":{"_acf_changed":false,"_jetpack_memberships_contains_paid_content":false,"footnotes":""},"categories":[69],"tags":[],"class_list":["post-14530","post","type-post","status-publish","format-standard","has-post-thumbnail","hentry","category-wypowiedzi"],"acf":[],"jetpack_featured_media_url":"https:\/\/www.wiaralecha.pl\/wp-content\/uploads\/2024\/10\/464087499_918734740303556_1482250214133867675_n.jpg","jetpack_sharing_enabled":true,"_links":{"self":[{"href":"https:\/\/www.wiaralecha.pl\/index.php\/wp-json\/wp\/v2\/posts\/14530","targetHints":{"allow":["GET"]}}],"collection":[{"href":"https:\/\/www.wiaralecha.pl\/index.php\/wp-json\/wp\/v2\/posts"}],"about":[{"href":"https:\/\/www.wiaralecha.pl\/index.php\/wp-json\/wp\/v2\/types\/post"}],"author":[{"embeddable":true,"href":"https:\/\/www.wiaralecha.pl\/index.php\/wp-json\/wp\/v2\/users\/5"}],"replies":[{"embeddable":true,"href":"https:\/\/www.wiaralecha.pl\/index.php\/wp-json\/wp\/v2\/comments?post=14530"}],"version-history":[{"count":3,"href":"https:\/\/www.wiaralecha.pl\/index.php\/wp-json\/wp\/v2\/posts\/14530\/revisions"}],"predecessor-version":[{"id":14540,"href":"https:\/\/www.wiaralecha.pl\/index.php\/wp-json\/wp\/v2\/posts\/14530\/revisions\/14540"}],"wp:featuredmedia":[{"embeddable":true,"href":"https:\/\/www.wiaralecha.pl\/index.php\/wp-json\/wp\/v2\/media\/14537"}],"wp:attachment":[{"href":"https:\/\/www.wiaralecha.pl\/index.php\/wp-json\/wp\/v2\/media?parent=14530"}],"wp:term":[{"taxonomy":"category","embeddable":true,"href":"https:\/\/www.wiaralecha.pl\/index.php\/wp-json\/wp\/v2\/categories?post=14530"},{"taxonomy":"post_tag","embeddable":true,"href":"https:\/\/www.wiaralecha.pl\/index.php\/wp-json\/wp\/v2\/tags?post=14530"}],"curies":[{"name":"wp","href":"https:\/\/api.w.org\/{rel}","templated":true}]}}