{"id":14661,"date":"2024-11-13T09:03:51","date_gmt":"2024-11-13T08:03:51","guid":{"rendered":"https:\/\/www.wiaralecha.pl\/?p=14661"},"modified":"2025-01-27T15:01:21","modified_gmt":"2025-01-27T14:01:21","slug":"wincenty-olesienkiewicz-i-leon-siemienczuk-po-remisie-z-victoria-wrzesnia-mamy-duzy-niedosyt","status":"publish","type":"post","link":"https:\/\/www.wiaralecha.pl\/index.php\/2024\/11\/13\/wincenty-olesienkiewicz-i-leon-siemienczuk-po-remisie-z-victoria-wrzesnia-mamy-duzy-niedosyt\/","title":{"rendered":"Wincenty Olesienkiewicz i Leon Siemie\u0144czuk po remisie z Victori\u0105 Wrze\u015bnia: Mamy du\u017cy niedosyt"},"content":{"rendered":"\n<h2 class=\"wp-block-heading\"><strong>Wiara Lecha utrzyma\u0142a miejsce na podium klasyfikacji IV ligi po bezbramkowym remisie z Victori\u0105 Wrze\u015bnia. W sobot\u0119 o godzinie 19 Kibole zmierz\u0105 si\u0119 z Nielb\u0105 W\u0105growiec, a celem b\u0119dzie zapewnienie sobie miejsca w czo\u0142owej tr\u00f3jce na zimow\u0105 przerw\u0119. G\u0142os pomi\u0119dzy spotkaniami zabrali zawodnicy Niebiesko-Bia\u0142ych &#8211; Wincenty Olesienkiewicz oraz Leon Siemie\u0144czuk. <\/strong><\/h2>\n\n\n\n<p><strong>Wincenty Olesienkiewicz &#8211; bramkarz Wiary Lecha: <\/strong>Mamy du\u017cy niedosyt. Przed meczem powiedzieli\u015bmy sobie, \u017ce wygrywaj\u0105c z Victori\u0105 mo\u017cemy zapewni\u0107 sobie miejsce na podium tabeli na koniec roku i taki te\u017c by\u0142 nasz cel. Grali\u015bmy o pe\u0142n\u0105 pul\u0119 punkt\u00f3w. Niestety nie uda\u0142o si\u0119 wygra\u0107, wi\u0119c z pokor\u0105 przyjmujemy ten punkt. Fakt, \u017ce jeste\u015bmy niepokonani od trzech mecz\u00f3w i trzy razy z rz\u0119du zachowali\u015bmy czyste konto bardzo nas cieszy. To pokazuje, jak\u0105 siln\u0105 dru\u017cyn\u0105 jako kolektyw jeste\u015bmy, gdy po s\u0142abym meczu w St\u0119szewie jeste\u015bmy w stanie szybko stan\u0105\u0107 na nogi i pokaza\u0107, \u017ce mecz z Lipnem to by\u0142 tylko wypadek przy pracy. My\u015bl\u0119, \u017ce solidna defensywa powoli staje si\u0119 naszym znakiem rozpoznawczym. <\/p>\n\n\n\n<p>Bardzo si\u0119 ciesz\u0119 z czystego konta. Fakt, \u017ce to moje drugie z rz\u0119du daje mi du\u017cy zastrzyk pewno\u015bci siebie i motywacji do dalszej pracy. Mam nadziej\u0119, \u017ce w nast\u0119pnych meczach podtrzymam t\u0119 pass\u0119. <\/p>\n\n\n\n<p>W sobot\u0119 spodziewamy si\u0119 ci\u0119\u017ckiego i wyr\u00f3wnanego meczu. Mimo tego \u017ce Nielba, tak jak my, nie przegra\u0142a od trzech mecz\u00f3w, to jestem przekonany, \u017ce to my wygramy i zako\u0144czymy 2024 rok w zwyci\u0119skim stylu.<\/p>\n\n\n\n<p><strong>Leon Siemie\u0144czuk &#8211; napastnik Wiary Lecha: <\/strong>Szanuj\u0119 ten punkt, bo mecz m\u00f3g\u0142 r\u00f3wnie dobrze sko\u0144czy\u0107 si\u0119 na korzy\u015b\u0107 jednej czy drugiej strony. Obie dru\u017cyny trafi\u0142y do bramki, ale gole nie zosta\u0142y uznane, wi\u0119c szanuj\u0119 ten punkt. <\/p>\n\n\n\n<p>M\u00f3j pocz\u0105tek w Wiarze Lecha oceniam dobrze. Dogaduj\u0119 si\u0119 z ch\u0142opakami z dru\u017cyny i dobrze mi si\u0119 z nimi gra. Brakuje tylko jeszcze mojej bramki w wygranym spotkaniu, na kt\u00f3r\u0105 licz\u0119 w meczu z Nielb\u0105, \u017ceby by\u0142o idealnie. <\/p>\n\n\n\n<p>Spodziewam si\u0119 zaci\u0119tego, ciekawego meczu, bo ka\u017cdy chyba chce zako\u0144czy\u0107 rok wygran\u0105. Mam nadziej\u0119, \u017ce to my b\u0119dziemy mogli si\u0119 cieszy\u0107 z trzech punkt\u00f3w i z tego, \u017ce ko\u0144czymy t\u0119 rund\u0119 na 3 miejscu w tabeli. <\/p>\n","protected":false},"excerpt":{"rendered":"<p>Wiara Lecha utrzyma\u0142a miejsce na podium klasyfikacji IV ligi po bezbramkowym remisie z Victori\u0105 Wrze\u015bnia. W sobot\u0119 o godzinie 19 Kibole zmierz\u0105 si\u0119 z Nielb\u0105 W\u0105growiec, a celem b\u0119dzie zapewnienie sobie miejsca w czo\u0142owej tr\u00f3jce na zimow\u0105 przerw\u0119. G\u0142os pomi\u0119dzy spotkaniami zabrali zawodnicy Niebiesko-Bia\u0142ych &#8211; Wincenty Olesienkiewicz oraz Leon Siemie\u0144czuk. <\/p>\n","protected":false},"author":5,"featured_media":14662,"comment_status":"closed","ping_status":"closed","sticky":false,"template":"","format":"standard","meta":{"_acf_changed":false,"_jetpack_memberships_contains_paid_content":false,"footnotes":""},"categories":[69],"tags":[],"class_list":["post-14661","post","type-post","status-publish","format-standard","has-post-thumbnail","hentry","category-wypowiedzi"],"acf":[],"jetpack_featured_media_url":"https:\/\/www.wiaralecha.pl\/wp-content\/uploads\/2024\/11\/465913359_964783372368185_4416465683771373382_n.jpg","jetpack_sharing_enabled":true,"_links":{"self":[{"href":"https:\/\/www.wiaralecha.pl\/index.php\/wp-json\/wp\/v2\/posts\/14661","targetHints":{"allow":["GET"]}}],"collection":[{"href":"https:\/\/www.wiaralecha.pl\/index.php\/wp-json\/wp\/v2\/posts"}],"about":[{"href":"https:\/\/www.wiaralecha.pl\/index.php\/wp-json\/wp\/v2\/types\/post"}],"author":[{"embeddable":true,"href":"https:\/\/www.wiaralecha.pl\/index.php\/wp-json\/wp\/v2\/users\/5"}],"replies":[{"embeddable":true,"href":"https:\/\/www.wiaralecha.pl\/index.php\/wp-json\/wp\/v2\/comments?post=14661"}],"version-history":[{"count":1,"href":"https:\/\/www.wiaralecha.pl\/index.php\/wp-json\/wp\/v2\/posts\/14661\/revisions"}],"predecessor-version":[{"id":14663,"href":"https:\/\/www.wiaralecha.pl\/index.php\/wp-json\/wp\/v2\/posts\/14661\/revisions\/14663"}],"wp:featuredmedia":[{"embeddable":true,"href":"https:\/\/www.wiaralecha.pl\/index.php\/wp-json\/wp\/v2\/media\/14662"}],"wp:attachment":[{"href":"https:\/\/www.wiaralecha.pl\/index.php\/wp-json\/wp\/v2\/media?parent=14661"}],"wp:term":[{"taxonomy":"category","embeddable":true,"href":"https:\/\/www.wiaralecha.pl\/index.php\/wp-json\/wp\/v2\/categories?post=14661"},{"taxonomy":"post_tag","embeddable":true,"href":"https:\/\/www.wiaralecha.pl\/index.php\/wp-json\/wp\/v2\/tags?post=14661"}],"curies":[{"name":"wp","href":"https:\/\/api.w.org\/{rel}","templated":true}]}}