{"id":14845,"date":"2024-12-09T13:05:34","date_gmt":"2024-12-09T12:05:34","guid":{"rendered":"https:\/\/www.wiaralecha.pl\/?p=14845"},"modified":"2024-12-09T13:10:19","modified_gmt":"2024-12-09T12:10:19","slug":"futsal-wiara-lecha-azs-ug-gdansk-40","status":"publish","type":"post","link":"https:\/\/www.wiaralecha.pl\/index.php\/2024\/12\/09\/futsal-wiara-lecha-azs-ug-gdansk-40\/","title":{"rendered":"Futsal: Wiara Lecha &#8211; AZS UG Gda\u0144sk 4:0"},"content":{"rendered":"\n<h2 class=\"wp-block-heading\"><strong>Zwyci\u0119stwem Wiara Lecha zako\u0144czy\u0142a pierwsz\u0105 cz\u0119\u015b\u0107 sezonu w I lidze futsalu. Niebiesko-Biali pokonali AZS UG Gda\u0144sk 4:0 po golach Roberta \u015awitonia, Kacpra Korytnego, Jacka Sandera i Dominika Solecki. <\/strong><\/h2>\n\n\n\n<p>Pojedynek Wiary Lecha z gda\u0144skim AZS UG nie by\u0142 porywaj\u0105cym widowiskiem. Lechici byli zespo\u0142em lepszym co udokumentowali strzeleniem czterech bramek i zachowaniem czystego konta. Mecz ustawili sobie w pierwszych o\u015bmiu minutach, po rozegraniu kt\u00f3rych wygrywali 3:0. Pierwszy &#8211; w 2 min &#8211; do siatki trafi\u0142 Robert \u015awito\u0144, kt\u00f3ry dobi\u0142 uderzenie Uriela Cepedy. 120 sekund p\u00f3\u017aniej Kolejorz podwy\u017cszy\u0142 na 2:0. Po podaniu Fryderyka Maciejewskiego bramkarza go\u015bci pokona\u0142 Kacper Korytny. W 8 min po asy\u015bcie Noela Charriera efektownego gola zdoby\u0142 Jacek Sander, kt\u00f3ry mocnym uderzeniem pod poprzeczk\u0119 zdoby\u0142 gola na 3:0. Wynik spotkania zosta\u0142 ustalony szybko, bo ju\u017c w 23 min po kontrze wyprowadzonej przez Ceped\u0119. Argenty\u0144czyk b\u0119d\u0105c przed bramkarza zagra\u0142 do Dominika Soleckiego, kt\u00f3ry nie mia\u0142 problem\u00f3w ze skierowaniem pi\u0142ki do pustej bramki.<\/p>\n\n\n\n<p>Wiara Lecha wygra\u0142a z zespo\u0142em z Gda\u0144ska 4:0. Zwyci\u0119stwa odnios\u0142y tak\u017ce Futsal \u015awiecie i Jagiellonia Bia\u0142ystok. W tabeli zosta\u0142o zachowane status quo &#8211; lechici trac\u0105 do \u015bwiecian trzy oczka i maj\u0105 sze\u015b\u0107 punkt\u00f3w przewagi nad dru\u017cyn\u0105 ze stolicy Podlasia. <\/p>\n\n\n\n<p>Mecz z AZS-em UG Gda\u0144sk by\u0142 ostatnim w pierwszej rundzie. Lechici wr\u00f3c\u0105 do gry w lidze w weekend 18-19 stycznia. Na inauguracj\u0119 rundy rewan\u017cowej zmierz\u0105 si\u0119 w Pu\u0142tusku z miejscow\u0105 Wenecj\u0105. Tydzie\u0144 wcze\u015bniej Niebiesko-Biali zagraj\u0105 w II rundzie Pucharu Polski (losowanie odb\u0119dzie si\u0119 przed \u015bwi\u0119tami).<\/p>\n\n\n<div class=\"sportspress\"><div class=\"sp-section-content sp-section-content-logos\">\n<div class=\"card\">\n\t<div class=\"card__header\">\n\t\t<h4>Recap<\/h4>\n\t<\/div>\n\t<div class=\"card__content\">\n\n\t\t<!-- Game Result -->\n\t\t<div class=\"game-result\">\n\n\t\t\t<section class=\"game-result__section pt-0\">\n\t\t\t\t<header class=\"game-result__header game-result__header--alt\">\n\n\t\t\t\t\t\t\t\t\t\t\t<span class=\"game-result__league\">\n\t\t\t\t\t\t\tI Liga Futsalu\n\t\t\t\t\t\t\t\t\t\t\t\t\t\t\t2024\/2025\t\t\t\t\t\t\t\n\t\t\t\t\t\t<\/span>\n\t\t\t\t\t\n\t\t\t\t\t\n\t\t\t\t\t\t\t<h3 class=\"game-result__title\">\n\t\t\t\t\t\t\t\t<span>Centrum Sportu Politechniki Pozna\u0144skiej<\/span><span class=\"d-none\">Department of Physical Training, 4, Piotrowo, \u015awi\u0119ty Roch, Rataje, Pozna\u0144, Greater Poland Voivodeship, 61-138, Poland<\/span>\t\t\t\t\t\t\t<\/h3>\n\n\t\t\t\t\t\n\t\t\t\t\t<time class=\"game-result__date\" datetime=\"2024-12-09 13:05:34\">\n\t\t\t\t\t\t7 grudnia 2024<span class=\"event-time-status event-time-status--has-divider\">19:00<\/span>\t\t\t\t\t<\/time>\n\n\t\t\t\t\t\t\t\t\t\t\t<div class=\"game-result__matchday\">(11)<\/div>\n\t\t\t\t\t\t\t\t\t\t<\/header>\n\n\t\t\t\t<!-- Team Logos + Game Result -->\n\t\t\t\t<div class=\"game-result__content\">\n\t\t\t\t\t<div class=\"game-result__team game-result__team--odd\"><figure class=\"game-result__team-logo\"><img loading=\"lazy\" decoding=\"async\" width=\"65\" height=\"100\" src=\"https:\/\/www.wiaralecha.pl\/wp-content\/uploads\/2020\/07\/b8o8y1-65x100.png\" class=\"attachment-alchemists_team-logo-fit size-alchemists_team-logo-fit wp-post-image\" alt=\"\" \/><\/figure><div class=\"game-result__team-info\"><h5 class=\"game-result__team-name\">Wiara Lecha Futsal<\/h5><div class=\"game-result__team-desc\"><\/div><\/div><\/div><div class=\"game-result__team game-result__team--even\"><figure class=\"game-result__team-logo\"><img loading=\"lazy\" decoding=\"async\" width=\"81\" height=\"100\" src=\"https:\/\/www.wiaralecha.pl\/wp-content\/uploads\/2024\/07\/AZS_UG_Gdan\u0301sk-81x100.png\" class=\"attachment-alchemists_team-logo-fit size-alchemists_team-logo-fit wp-post-image\" alt=\"\" \/><\/figure><div class=\"game-result__team-info\"><h5 class=\"game-result__team-name\">AZS UG Gda\u0144sk<\/h5><div class=\"game-result__team-desc\"><\/div><\/div><\/div>\n\t\t\t\t\t<!-- Game Score -->\n\t\t\t\t\t<div class=\"game-result__score-wrap\">\n\t\t\t\t\t\t<div class=\"game-result__score game-result__score--lg\">\n\n\t\t\t\t\t\t\t\n\t\t\t\t\t\t\t\t\n\t\t\t\t\t\t\t\t<!-- 1st Team -->\n\t\t\t\t\t\t\t\t<span class=\"game-result__score-result game-result__score-result--winner\">\n\t\t\t\t\t\t\t\t\t4\t\t\t\t\t\t\t\t<\/span>\n\t\t\t\t\t\t\t\t<!-- 1st Team \/ End -->\n\n\t\t\t\t\t\t\t\t<span class=\"game-result__score-dash\">-<\/span>\n\n\t\t\t\t\t\t\t\t<!-- 2nd Team -->\n\t\t\t\t\t\t\t\t<span class=\"game-result__score-result game-result__score-result--loser\">\n\t\t\t\t\t\t\t\t\t0\t\t\t\t\t\t\t\t<\/span>\n\t\t\t\t\t\t\t\t<!-- 2nd Team \/ End -->\n\n\t\t\t\t\t\t\n\t\t\t\t\t\t<\/div>\n\n\t\t\t\t\t\t<div class=\"game-result__score-label\">\n\t\t\t\t\t\t\tFinal Score\t\t\t\t\t\t<\/div>\n\n\t\t\t\t\t<\/div>\n\t\t\t\t\t<!-- Game Score \/ End -->\n\n\t\t\t\t<\/div>\n\t\t\t\t<!-- Team Logos + Game Result \/ End -->\n\t\t\t<\/section>\n\n\t\t<\/div>\n\t\t<!-- Game Result \/ End -->\n\t<\/div>\n<\/div>\n<\/div><div class=\"sp-section-content sp-section-content-content\"><\/div><div class=\"sp-section-content sp-section-content-video\">\t<div class=\"card card--no-paddings sp-template sp-template-event-video sp-event-video\">\n\t\t<div class=\"card__header\">\n\t\t\t<h4 class=\"sp-table-caption\">Video<\/h4>\n\t\t<\/div>\n\t\t<div class=\"card__content text-center\">\n\t\t\t<div class=\"alc-embeded-player alc-embeded-player--container\">\n\t\t\t\t<div class=\"jetpack-video-wrapper\"><iframe loading=\"lazy\" title=\"Futsal: Wiara Lecha - AZS UG Gda\u0144sk 4:0 [11. kolejka I ligi futsalu, 2024\/2025]\" width=\"640\" height=\"360\" src=\"https:\/\/www.youtube.com\/embed\/_Xiqd35y4r4?feature=oembed\" allow=\"accelerometer; autoplay; clipboard-write; encrypted-media; gyroscope; picture-in-picture; web-share\" allowfullscreen><\/iframe><\/div>\t\t\t<\/div>\n\t\t<\/div>\n\t<\/div>\n\n<\/div><div class=\"sp-section-content sp-section-content-performance\">\t\t<div class=\"sp-event-performance-tables sp-event-performance-teams\">\n\t\t\t<div class=\"card card--has-table sp-template sp-template-event-performance sp-template-event-performance-icons\">\n\t\t\t<header class=\"card__header\">\n\t\t\t<h4 class=\"sp-table-caption\">Wiara Lecha<\/h4>\n\t\t<\/header>\n\t\t<div class=\"card__content\">\n\t\t<div class=\"sp-table-wrapper\">\n\t\t\t<div class=\"table-responsive\">\n\t\t\t\t<table class=\"table sp-event-performance sp-data-table\n\t\t\t\t\">\n\t\t\t\t\t<thead>\n\t\t\t\t\t\t<tr>\n\t\t\t\t\t\t\t\t\t\t\t\t\t<\/tr>\n\t\t\t\t\t<\/thead>\n\t\t\t\t\t\t\t\t\t\t\t<tbody>\n\t\t\t\t\t\t\t<tr class=\"lineup odd\"><td class=\"data-number\" data-label=\"#\">3<\/td><td class=\"data-name\" data-label=\"Player\"><a href=\"https:\/\/www.wiaralecha.pl\/index.php\/player\/uriel-cepeda\/\">Uriel Cepeda<\/a> <small class=\"sp-player-position\">Napastnik<\/small><\/td><td class=\"sp-performance-icons\"><i class=\"sp-icon-shoe\" title=\"asysty\" style=\"color:#222222 !important\"><\/i> <\/td><\/tr><tr class=\"lineup even\"><td class=\"data-number\" data-label=\"#\">6<\/td><td class=\"data-name\" data-label=\"Player\"><a href=\"https:\/\/www.wiaralecha.pl\/index.php\/player\/robert-switon\/\">Robert \u015awito\u0144<\/a> <small class=\"sp-player-position\">Pomocnik<\/small><\/td><td class=\"sp-performance-icons\"><i class=\"sp-icon-soccerball\" title=\"Bramka\" style=\"color:#222222 !important\"><\/i> 2'<br><\/td><\/tr><tr class=\"lineup odd\"><td class=\"data-number\" data-label=\"#\">9<\/td><td class=\"data-name\" data-label=\"Player\"><a href=\"https:\/\/www.wiaralecha.pl\/index.php\/player\/dominik-solecki\/\">Dominik Solecki<\/a> <small class=\"sp-player-position\">Pomocnik<\/small><\/td><td class=\"sp-performance-icons\"><i class=\"sp-icon-soccerball\" title=\"Bramka\" style=\"color:#222222 !important\"><\/i> 23'<br><\/td><\/tr><tr class=\"lineup even\"><td class=\"data-number\" data-label=\"#\">10<\/td><td class=\"data-name\" data-label=\"Player\"><a href=\"https:\/\/www.wiaralecha.pl\/index.php\/player\/oskar-ganowski\/\">Oskar Ganowski<\/a> <small class=\"sp-player-position\">Obro\u0144ca<\/small><\/td><td class=\"sp-performance-icons\"><\/td><\/tr><tr class=\"lineup odd\"><td class=\"data-number\" data-label=\"#\">11<\/td><td class=\"data-name\" data-label=\"Player\"><a href=\"https:\/\/www.wiaralecha.pl\/index.php\/player\/michal-wasielewski\/\">Micha\u0142 Wasielewski<\/a> <small class=\"sp-player-position\">Bramkarz<\/small><\/td><td class=\"sp-performance-icons\"><\/td><\/tr><tr class=\"lineup even\"><td class=\"data-number\" data-label=\"#\">15<\/td><td class=\"data-name\" data-label=\"Player\"><a href=\"https:\/\/www.wiaralecha.pl\/index.php\/player\/sebastian-ceballos-alzate\/\">Sebastian Ceballos Alzate<\/a> <small class=\"sp-player-position\">Obro\u0144ca<\/small><\/td><td class=\"sp-performance-icons\"><i class=\"sp-icon-card\" title=\"\u017b\u00f3\u0142ta kartka\" style=\"color:#f4d014 !important\"><\/i> 31'<br><\/td><\/tr><tr class=\"lineup odd\"><td class=\"data-number\" data-label=\"#\">19<\/td><td class=\"data-name\" data-label=\"Player\"><a href=\"https:\/\/www.wiaralecha.pl\/index.php\/player\/kacper-zydorczyk\/\">Kacper Zydorczyk<\/a> <small class=\"sp-player-position\">Napastnik<\/small><\/td><td class=\"sp-performance-icons\"><\/td><\/tr><tr class=\"lineup even\"><td class=\"data-number\" data-label=\"#\">22<\/td><td class=\"data-name\" data-label=\"Player\"><a href=\"https:\/\/www.wiaralecha.pl\/index.php\/player\/noel-patrice-charrier\/\">Noel Patrice Charrier<\/a> <small class=\"sp-player-position\">Bramkarz<\/small><\/td><td class=\"sp-performance-icons\"><i class=\"sp-icon-shoe\" title=\"asysty\" style=\"color:#222222 !important\"><\/i> <\/td><\/tr><tr class=\"lineup odd\"><td class=\"data-number\" data-label=\"#\">78<\/td><td class=\"data-name\" data-label=\"Player\"><a href=\"https:\/\/www.wiaralecha.pl\/index.php\/player\/kacper-korytny\/\">Kacper Korytny<\/a> <small class=\"sp-player-position\">Pomocnik<\/small><\/td><td class=\"sp-performance-icons\"><i class=\"sp-icon-soccerball\" title=\"Bramka\" style=\"color:#222222 !important\"><\/i> 4'<br><\/td><\/tr><tr class=\"lineup even\"><td class=\"data-number\" data-label=\"#\">82<\/td><td class=\"data-name\" data-label=\"Player\"><a href=\"https:\/\/www.wiaralecha.pl\/index.php\/player\/radoslaw-majewski\/\">Rados\u0142aw Majewski<\/a> <small class=\"sp-player-position\">Napastnik<\/small><\/td><td class=\"sp-performance-icons\"><\/td><\/tr><tr class=\"lineup odd\"><td class=\"data-number\" data-label=\"#\">86<\/td><td class=\"data-name\" data-label=\"Player\"><a href=\"https:\/\/www.wiaralecha.pl\/index.php\/player\/jacek-sander\/\">Jacek Sander<\/a> <small class=\"sp-player-position\">Obro\u0144ca<\/small><\/td><td class=\"sp-performance-icons\"><i class=\"sp-icon-soccerball\" title=\"Bramka\" style=\"color:#222222 !important\"><\/i> 8'<br><\/td><\/tr><tr class=\"lineup even\"><td class=\"data-number\" data-label=\"#\">88<\/td><td class=\"data-name\" data-label=\"Player\"><a href=\"https:\/\/www.wiaralecha.pl\/index.php\/player\/jan-martin\/\">Jan Martin<\/a> <small class=\"sp-player-position\">Pomocnik<\/small><\/td><td class=\"sp-performance-icons\"><\/td><\/tr><tr class=\"lineup odd\"><td class=\"data-number\" data-label=\"#\">90<\/td><td class=\"data-name\" data-label=\"Player\"><a href=\"https:\/\/www.wiaralecha.pl\/index.php\/player\/fryderyk-maciejewski\/\">Fryderyk Maciejewski<\/a> <small class=\"sp-player-position\">Obro\u0144ca<\/small><\/td><td class=\"sp-performance-icons\"><i class=\"sp-icon-shoe\" title=\"asysty\" style=\"color:#222222 !important\"><\/i> <\/td><\/tr><tr class=\"lineup even\"><td class=\"data-number\" data-label=\"#\">93<\/td><td class=\"data-name\" data-label=\"Player\"><a href=\"https:\/\/www.wiaralecha.pl\/index.php\/player\/mikolaj-cheba\/\">Miko\u0142aj Cheba<\/a> <small class=\"sp-player-position\">Obro\u0144ca<\/small><\/td><td class=\"sp-performance-icons\"><i class=\"sp-icon-card\" title=\"\u017b\u00f3\u0142ta kartka\" style=\"color:#f4d014 !important\"><\/i> 33'<br><\/td><\/tr>\t\t\t\t\t\t<\/tbody>\n\t\t\t\t\t\t\t\t\t\t\t\t\t\t<\/table>\n\n\t\t\t<\/div>\n\t\t<\/div>\n\t<\/div>\n\t<\/div>\t\t<\/div><!-- .sp-event-performance-tables -->\n\t\t<\/div><div class=\"sp-section-content sp-section-content-past_meetings\"><\/div><div class=\"sp-section-content sp-section-content-timeline\"><div class=\"sp-template sp-template-timeline sp-template-event-timeline card\">\n\t<header class=\"card__header\">\n\t\t<h4>Game Timeline<\/h4>\n\t<\/header>\n\t<div class=\"card__content\">\n\n\t\t\n<!-- Timeline -->\n<div class=\"game-timeline-wrapper game-timeline-wrapper--horizontal\">\n\n\t<div class=\"game-timeline-teams\">\n\t\t\t\t\t\t\t\t\t<div class=\"game-timeline__event game-timeline__event--kickoff game-timeline__event--side-home\" title=\"Kick Off\">\n\t\t\t\t\t\t\t\t\t\t\t\t\t\t\t\t\t\t<span class=\"game-timeline__team-logo\" title=\"Wiara Lecha\"><img loading=\"lazy\" decoding=\"async\" width=\"84\" height=\"128\" src=\"https:\/\/www.wiaralecha.pl\/wp-content\/uploads\/2020\/07\/b8o8y1-84x128.png\" class=\"attachment-sportspress-fit-icon size-sportspress-fit-icon wp-post-image\" alt=\"\" \/><\/span>\n\t\t\t\t\t\t\t\t\t\t\t\t\t\t\t\t<div class=\"game-timeline__time game-timeline__time--kickoff game-timeline__time--kickoff-home\">KO<\/div>\n\t\t\t\t<\/div>\n\t\t\t\n\t\t\t\t\t\n\t\t\t\t\t\n\t\t\t\t\t\n\t\t\t\t\t\n\t\t\t\t\t\n\t\t\t\t\t\n\t\t\t<\/div>\n\n\t<div class=\"game-timeline\">\n\n\t\t\t\t\t\n\t\t\t\t\t\t\t\t\t<div class=\"game-timeline__event game-timeline__event--side-home\" style=\"left: 4%\">\n\t\t\t\t\t<div class=\"game-timeline__event-info game-timeline__event-info--side-home\">\n\t\t\t\t\t\t<div class=\"game-timeline__event-name\">6. Robert \u015awito\u0144<\/div>\n\t\t\t\t\t\t<div class=\"game-timeline__icon game-timeline__icon--home\">\n\t\t\t\t\t\t\t<i class=\"sp-icon-soccerball\" title=\"Bramka\" style=\"color:#222222 !important\"><\/i> \t\t\t\t\t\t<\/div>\n\t\t\t\t\t<\/div>\n\t\t\t\t\t<div class=\"game-timeline__time\" data-toggle=\"tooltip\" data-placement=\"top\" title=\"6. Robert \u015awito\u0144\">2'<\/div>\n\t\t\t\t<\/div>\n\t\t\t\n\t\t\t\t\t\t\t\t\t<div class=\"game-timeline__event game-timeline__event--side-home\" style=\"left: 9%\">\n\t\t\t\t\t<div class=\"game-timeline__event-info game-timeline__event-info--side-home\">\n\t\t\t\t\t\t<div class=\"game-timeline__event-name\">22. Kacper Korytny<\/div>\n\t\t\t\t\t\t<div class=\"game-timeline__icon game-timeline__icon--home\">\n\t\t\t\t\t\t\t<i class=\"sp-icon-soccerball\" title=\"Bramka\" style=\"color:#222222 !important\"><\/i> \t\t\t\t\t\t<\/div>\n\t\t\t\t\t<\/div>\n\t\t\t\t\t<div class=\"game-timeline__time\" data-toggle=\"tooltip\" data-placement=\"top\" title=\"22. Kacper Korytny\">4'<\/div>\n\t\t\t\t<\/div>\n\t\t\t\n\t\t\t\t\t\t\t\t\t<div class=\"game-timeline__event game-timeline__event--side-home\" style=\"left: 18%\">\n\t\t\t\t\t<div class=\"game-timeline__event-info game-timeline__event-info--side-home\">\n\t\t\t\t\t\t<div class=\"game-timeline__event-name\">56. Jacek Sander<\/div>\n\t\t\t\t\t\t<div class=\"game-timeline__icon game-timeline__icon--home\">\n\t\t\t\t\t\t\t<i class=\"sp-icon-soccerball\" title=\"Bramka\" style=\"color:#222222 !important\"><\/i> \t\t\t\t\t\t<\/div>\n\t\t\t\t\t<\/div>\n\t\t\t\t\t<div class=\"game-timeline__time\" data-toggle=\"tooltip\" data-placement=\"top\" title=\"56. Jacek Sander\">8'<\/div>\n\t\t\t\t<\/div>\n\t\t\t\n\t\t\t\t\t\t\t\t\t<div class=\"game-timeline__event game-timeline__event--side-home\" style=\"left: 52%\">\n\t\t\t\t\t<div class=\"game-timeline__event-info game-timeline__event-info--side-home\">\n\t\t\t\t\t\t<div class=\"game-timeline__event-name\">9. Dominik Solecki<\/div>\n\t\t\t\t\t\t<div class=\"game-timeline__icon game-timeline__icon--home\">\n\t\t\t\t\t\t\t<i class=\"sp-icon-soccerball\" title=\"Bramka\" style=\"color:#222222 !important\"><\/i> \t\t\t\t\t\t<\/div>\n\t\t\t\t\t<\/div>\n\t\t\t\t\t<div class=\"game-timeline__time\" data-toggle=\"tooltip\" data-placement=\"top\" title=\"9. Dominik Solecki\">23'<\/div>\n\t\t\t\t<\/div>\n\t\t\t\n\t\t\t\t\t\t\t\t\t<div class=\"game-timeline__event game-timeline__event--side-home\" style=\"left: 70%\">\n\t\t\t\t\t<div class=\"game-timeline__event-info game-timeline__event-info--side-home\">\n\t\t\t\t\t\t<div class=\"game-timeline__event-name\">15. Sebastian Ceballos Alzate<\/div>\n\t\t\t\t\t\t<div class=\"game-timeline__icon game-timeline__icon--home\">\n\t\t\t\t\t\t\t<i class=\"sp-icon-card\" title=\"\u017b\u00f3\u0142ta kartka\" style=\"color:#f4d014 !important\"><\/i> \t\t\t\t\t\t<\/div>\n\t\t\t\t\t<\/div>\n\t\t\t\t\t<div class=\"game-timeline__time\" data-toggle=\"tooltip\" data-placement=\"top\" title=\"15. Sebastian Ceballos Alzate\">31'<\/div>\n\t\t\t\t<\/div>\n\t\t\t\n\t\t\t\t\t\t\t\t\t<div class=\"game-timeline__event game-timeline__event--side-home\" style=\"left: 75%\">\n\t\t\t\t\t<div class=\"game-timeline__event-info game-timeline__event-info--side-home\">\n\t\t\t\t\t\t<div class=\"game-timeline__event-name\">93. Miko\u0142aj Cheba<\/div>\n\t\t\t\t\t\t<div class=\"game-timeline__icon game-timeline__icon--home\">\n\t\t\t\t\t\t\t<i class=\"sp-icon-card\" title=\"\u017b\u00f3\u0142ta kartka\" style=\"color:#f4d014 !important\"><\/i> \t\t\t\t\t\t<\/div>\n\t\t\t\t\t<\/div>\n\t\t\t\t\t<div class=\"game-timeline__time\" data-toggle=\"tooltip\" data-placement=\"top\" title=\"93. Miko\u0142aj Cheba\">33'<\/div>\n\t\t\t\t<\/div>\n\t\t\t\n\t\t\n\t<\/div>\n\n\t<div class=\"game-timeline-ft\">\n\t\t<div class=\"game-timeline__event game-timeline__event--ft\" title=\"Full Time\">\n\t\t\t<div class=\"game-timeline__time\">FT<\/div>\n\t\t<\/div>\n\t<\/div>\n\n<\/div>\n<!-- Timeline \/ End -->\n\n\t<\/div>\n<\/div>\n<\/div><div class=\"sp-section-content sp-section-content-venue\">\t<div class=\"card sp-template sp-template-event-venue\">\n\t\t<div class=\"card__header\">\n\t\t\t<h4 class=\"sp-table-caption\">Venue<\/h4>\n\t\t<\/div>\n\t\t<div class=\"card__content\">\n\n\t\t\t<h6 class=\"mb-10\">Centrum Sportu Politechniki Pozna\u0144skiej<\/h6>\n\n\t\t\t\n\t\t<\/div>\n\t<\/div>\n\t<\/div><div class=\"sp-section-content sp-section-content-details\"><div class=\"card card--has-table sp-template sp-template-event-details\">\n\t<header class=\"card__header\">\n\t\t<h4 class=\"sp-table-caption\">Details<\/h4>\n\t<\/header>\n\t<div class=\"sp-table-wrapper\">\n\t\t<div class=\"table-responsive\">\n\t\t\t<table class=\"table sp-event-details sp-data-table sp-scrollable-table\">\n\t\t\t\t<thead>\n\t\t\t\t\t<tr>\n\t\t\t\t\t\t\t\t\t\t\t\t\t<th>Date<\/th>\n\t\t\t\t\t\t\t\t\t\t\t\t\t<th>Time<\/th>\n\t\t\t\t\t\t\t\t\t\t\t\t\t<th>Liga<\/th>\n\t\t\t\t\t\t\t\t\t\t\t\t\t<th>Sezon<\/th>\n\t\t\t\t\t\t\t\t\t\t\t\t\t<th>Match Day<\/th>\n\t\t\t\t\t\t\t\t\t\t\t<\/tr>\n\t\t\t\t<\/thead>\n\t\t\t\t<tbody>\n\t\t\t\t\t<tr class=\"odd\">\n\t\t\t\t\t\t\t\t\t\t\t\t\t<td>7 grudnia 2024<\/td>\n\t\t\t\t\t\t\t\t\t\t\t\t\t<td>19:00<\/td>\n\t\t\t\t\t\t\t\t\t\t\t\t\t<td>I Liga Futsalu<\/td>\n\t\t\t\t\t\t\t\t\t\t\t\t\t<td>2024\/2025<\/td>\n\t\t\t\t\t\t\t\t\t\t\t\t\t<td>11<\/td>\n\t\t\t\t\t\t\t\t\t\t\t<\/tr>\n\t\t\t\t<\/tbody>\n\t\t\t<\/table>\n\t\t<\/div>\n\t<\/div>\n<\/div>\n<\/div><div class=\"sp-section-content sp-section-content-excerpt\"><\/div><\/div>\n\n\n\n<figure class=\"wp-block-embed is-type-wp-embed is-provider-kks-wiara-lecha wp-block-embed-kks-wiara-lecha\"><div class=\"wp-block-embed__wrapper\">\n<blockquote class=\"wp-embedded-content\" data-secret=\"CYsK6srlT7\"><a href=\"https:\/\/www.wiaralecha.pl\/index.php\/event\/wiara-lecha-vs-azs-ug-gdansk\/\">Wiara Lecha vs AZS UG Gda\u0144sk<\/a><\/blockquote><iframe loading=\"lazy\" class=\"wp-embedded-content\" sandbox=\"allow-scripts\" security=\"restricted\" style=\"position: absolute; visibility: hidden;\" title=\"&#8222;Wiara Lecha vs AZS UG Gda\u0144sk&#8221; &#8212; KKS Wiara Lecha\" src=\"https:\/\/www.wiaralecha.pl\/index.php\/event\/wiara-lecha-vs-azs-ug-gdansk\/embed\/#?secret=kdOHnbD6Lx#?secret=CYsK6srlT7\" data-secret=\"CYsK6srlT7\" width=\"600\" height=\"338\" frameborder=\"0\" marginwidth=\"0\" marginheight=\"0\" scrolling=\"no\"><\/iframe>\n<\/div><\/figure>\n","protected":false},"excerpt":{"rendered":"<p>Zwyci\u0119stwem Wiara Lecha zako\u0144czy\u0142a pierwsz\u0105 cz\u0119\u015b\u0107 sezonu w I lidze futsalu. Niebiesko-Biali pokonali AZS UG Gda\u0144sk 4:0 po golach Roberta \u015awitonia, Kacpra Korytnego, Jacka Sandera i Dominika Solecki. <\/p>\n","protected":false},"author":2,"featured_media":14846,"comment_status":"closed","ping_status":"closed","sticky":false,"template":"","format":"standard","meta":{"_acf_changed":false,"_jetpack_memberships_contains_paid_content":false,"footnotes":""},"categories":[118],"tags":[],"class_list":["post-14845","post","type-post","status-publish","format-standard","has-post-thumbnail","hentry","category-futsal"],"acf":[],"jetpack_featured_media_url":"https:\/\/www.wiaralecha.pl\/wp-content\/uploads\/2024\/12\/FWLGDA_news.png","jetpack_sharing_enabled":true,"_links":{"self":[{"href":"https:\/\/www.wiaralecha.pl\/index.php\/wp-json\/wp\/v2\/posts\/14845","targetHints":{"allow":["GET"]}}],"collection":[{"href":"https:\/\/www.wiaralecha.pl\/index.php\/wp-json\/wp\/v2\/posts"}],"about":[{"href":"https:\/\/www.wiaralecha.pl\/index.php\/wp-json\/wp\/v2\/types\/post"}],"author":[{"embeddable":true,"href":"https:\/\/www.wiaralecha.pl\/index.php\/wp-json\/wp\/v2\/users\/2"}],"replies":[{"embeddable":true,"href":"https:\/\/www.wiaralecha.pl\/index.php\/wp-json\/wp\/v2\/comments?post=14845"}],"version-history":[{"count":2,"href":"https:\/\/www.wiaralecha.pl\/index.php\/wp-json\/wp\/v2\/posts\/14845\/revisions"}],"predecessor-version":[{"id":14849,"href":"https:\/\/www.wiaralecha.pl\/index.php\/wp-json\/wp\/v2\/posts\/14845\/revisions\/14849"}],"wp:featuredmedia":[{"embeddable":true,"href":"https:\/\/www.wiaralecha.pl\/index.php\/wp-json\/wp\/v2\/media\/14846"}],"wp:attachment":[{"href":"https:\/\/www.wiaralecha.pl\/index.php\/wp-json\/wp\/v2\/media?parent=14845"}],"wp:term":[{"taxonomy":"category","embeddable":true,"href":"https:\/\/www.wiaralecha.pl\/index.php\/wp-json\/wp\/v2\/categories?post=14845"},{"taxonomy":"post_tag","embeddable":true,"href":"https:\/\/www.wiaralecha.pl\/index.php\/wp-json\/wp\/v2\/tags?post=14845"}],"curies":[{"name":"wp","href":"https:\/\/api.w.org\/{rel}","templated":true}]}}