{"id":15110,"date":"2025-01-30T17:01:15","date_gmt":"2025-01-30T16:01:15","guid":{"rendered":"https:\/\/www.wiaralecha.pl\/?p=15110"},"modified":"2025-01-30T17:03:58","modified_gmt":"2025-01-30T16:03:58","slug":"sparing-wiara-lecha-sparta-oborniki-11","status":"publish","type":"post","link":"https:\/\/www.wiaralecha.pl\/index.php\/2025\/01\/30\/sparing-wiara-lecha-sparta-oborniki-11\/","title":{"rendered":"Sparing: Wiara Lecha &#8211; Sparta Oborniki 1:1"},"content":{"rendered":"\n<h2 class=\"wp-block-heading\"><strong>Wiara Lecha zmierzy\u0142a si\u0119 z V-ligow\u0105 Spart\u0105 Oborniki w grze kontrolnej b\u0119d\u0105cej cz\u0119\u015bci\u0105 trzeciego mikrocyklu zimowych przygotowa\u0144. \u015arodowe spotkanie zako\u0144czy\u0142o si\u0119 remisem 1:1, a jedyn\u0105 bramk\u0119 dla Niebiesko-Bia\u0142ych zdoby\u0142 \u0141ukasz Szumi\u0144ski. <\/strong><\/h2>\n\n\n\n<p>Po poniedzia\u0142kowym treningu na boisku przy ulicy Bu\u0142garskiej oraz wtorkowych zaj\u0119ciach w Bagdasarian Boxing Club trener \u0141ukasz Kubiak zaordynowa\u0142 swoim podopiecznym sparing z \u00f3smym zespo\u0142em V ligi. Mimo intensywnego okresu Wiara Lecha od samego pocz\u0105tku meczu stara\u0142a si\u0119 narzuci\u0107 rywalowi sw\u00f3j styl gry cierpliwie buduj\u0105c akcje ofensywne. Mimo przewadze w posiadaniu pi\u0142ki Lechici nie mogli jednak znale\u017a\u0107 drogi do bramki go\u015bci, cho\u0107 bramkarz Sparty dwukrotnie musia\u0142 interweniowa\u0107 po strzale Maksymiliana Walczaka oraz Jakuba Ma\u0107kowiaka. Zesp\u00f3\u0142 z Obornik pr\u00f3bowa\u0142 natomiast swoich si\u0142 w szybkich kontratakach. W 35. minucie wynik otworzy\u0142 skrzyd\u0142owy Sparty po akcji praw\u0105 flank\u0105, kt\u00f3ry najpierw min\u0105\u0142 jednego z defensor\u00f3w Kiboli, a nast\u0119pnie wykorzystuj\u0105c zamieszanie w polu karnym pokona\u0142 Wincentego Olesienkiewicza strza\u0142em w bli\u017cszy r\u00f3g bramki.<br><br>Po zmianie stron obraz gry nie uleg\u0142 drastycznej zmianie. Wci\u0105\u017c lechici wykazywali si\u0119 inicjatyw\u0105 w kreowaniu sytuacji, lecz z trudem przychodzi\u0142o przedostanie si\u0119 w pole karne Sparty. Kibole pr\u00f3bowali tak\u017ce szcz\u0119\u015bcia po sta\u0142ych fragmentach gry i po jednym z nich zdo\u0142ali doprowadzi\u0107 do wyr\u00f3wnania. Po faulu w pobli\u017cu naro\u017cnika boiska pi\u0142k\u0119 w pole karne p\u0142asko do\u015brodkowa\u0142 Daniel Mankiewicz, a nast\u0119pnie trze\u017awy umys\u0142 pod bramk\u0105 rywala zachowa\u0142 \u0141ukasz Szumi\u0144ski, kt\u00f3ry sytuacyjnym strza\u0142em udem umie\u015bci\u0142 futbol\u00f3wk\u0119 w bramce. <br><br>Lechit\u00f3w czekaj\u0105 teraz dwie jednostki &#8211; czwartkowy trening oraz gra wewn\u0119trzna, kt\u00f3ra odb\u0119dzie si\u0119 w sobot\u0119, 1 lutego o godzinie 8 na stadionie MOS przy ulicy Gda\u0144skiej 1. <br><br><strong>Wiara Lecha &#8211; Sparta Oborniki 1:1 (0:1)<\/strong><br><strong>Bramki:<\/strong> 77&#8242; \u0141ukasz Szumi\u0144ski &#8211; 35&#8242;<br><strong>Sk\u0142ad Wiary Lecha: <\/strong><br><strong>I po\u0142owa: <\/strong>Wincenty Olesienkiewicz &#8211; Dominik Bednarek, Gracjan Pachelski, Dawid Szpakowski, Mateusz Kluczy\u0144ski &#8211; Jakub Ma\u0107kowiak, Marcin Daniel, Kamil Lulka &#8211; Miko\u0142aj Hudziak, Krzysztof Szenfeld, Leon Siemie\u0144czuk (30&#8242; Daniel Mankiewicz)<br><strong>II po\u0142owa: <\/strong>Miko\u0142aj Nawrowski &#8211; Dawid Szpakowski, Kuba Ka\u0142\u017cy\u0144ski, Eryk Lubieniecki &#8211; Kacper Osajda, Kamil Lulka, \u0141ukasz Szumi\u0144ski, Maksymilian Walczak (75&#8242; Jakub Ma\u0107kowiak), Krzysztof Ka\u017amierczak &#8211; Daniel Mankewicz, Krzysztof Ratajczak<br><br><\/p>\n","protected":false},"excerpt":{"rendered":"<p>Wiara Lecha zmierzy\u0142a si\u0119 z V-ligow\u0105 Spart\u0105 Oborniki w grze kontrolnej b\u0119d\u0105cej cz\u0119\u015bci\u0105 trzeciego mikrocyklu zimowych przygotowa\u0144. \u015arodowe spotkanie zako\u0144czy\u0142o si\u0119 remisem 1-1, a jedyn\u0105 bramk\u0119 dla Niebiesko-Bia\u0142ych zdoby\u0142 \u0141ukasz Szumi\u0144ski. <\/p>\n","protected":false},"author":5,"featured_media":15137,"comment_status":"closed","ping_status":"closed","sticky":false,"template":"","format":"standard","meta":{"_acf_changed":false,"_jetpack_memberships_contains_paid_content":false,"footnotes":""},"categories":[94],"tags":[],"class_list":["post-15110","post","type-post","status-publish","format-standard","has-post-thumbnail","hentry","category-sparing"],"acf":[],"jetpack_featured_media_url":"https:\/\/www.wiaralecha.pl\/wp-content\/uploads\/2025\/01\/DWLSOB_relacja.png","jetpack_sharing_enabled":true,"_links":{"self":[{"href":"https:\/\/www.wiaralecha.pl\/index.php\/wp-json\/wp\/v2\/posts\/15110","targetHints":{"allow":["GET"]}}],"collection":[{"href":"https:\/\/www.wiaralecha.pl\/index.php\/wp-json\/wp\/v2\/posts"}],"about":[{"href":"https:\/\/www.wiaralecha.pl\/index.php\/wp-json\/wp\/v2\/types\/post"}],"author":[{"embeddable":true,"href":"https:\/\/www.wiaralecha.pl\/index.php\/wp-json\/wp\/v2\/users\/5"}],"replies":[{"embeddable":true,"href":"https:\/\/www.wiaralecha.pl\/index.php\/wp-json\/wp\/v2\/comments?post=15110"}],"version-history":[{"count":6,"href":"https:\/\/www.wiaralecha.pl\/index.php\/wp-json\/wp\/v2\/posts\/15110\/revisions"}],"predecessor-version":[{"id":15143,"href":"https:\/\/www.wiaralecha.pl\/index.php\/wp-json\/wp\/v2\/posts\/15110\/revisions\/15143"}],"wp:featuredmedia":[{"embeddable":true,"href":"https:\/\/www.wiaralecha.pl\/index.php\/wp-json\/wp\/v2\/media\/15137"}],"wp:attachment":[{"href":"https:\/\/www.wiaralecha.pl\/index.php\/wp-json\/wp\/v2\/media?parent=15110"}],"wp:term":[{"taxonomy":"category","embeddable":true,"href":"https:\/\/www.wiaralecha.pl\/index.php\/wp-json\/wp\/v2\/categories?post=15110"},{"taxonomy":"post_tag","embeddable":true,"href":"https:\/\/www.wiaralecha.pl\/index.php\/wp-json\/wp\/v2\/tags?post=15110"}],"curies":[{"name":"wp","href":"https:\/\/api.w.org\/{rel}","templated":true}]}}