{"id":15134,"date":"2025-01-30T12:42:51","date_gmt":"2025-01-30T11:42:51","guid":{"rendered":"https:\/\/www.wiaralecha.pl\/?p=15134"},"modified":"2025-01-30T12:43:18","modified_gmt":"2025-01-30T11:43:18","slug":"futsal-w-sobote-derby-z-ks-gniezno","status":"publish","type":"post","link":"https:\/\/www.wiaralecha.pl\/index.php\/2025\/01\/30\/futsal-w-sobote-derby-z-ks-gniezno\/","title":{"rendered":"Futsal: W sobot\u0119 derby z KS Gniezno"},"content":{"rendered":"\n<h2 class=\"wp-block-heading\"><strong>Po dw\u00f3ch tygodniach przerwy futsali\u015bci Wiary Lecha wr\u00f3c\u0105 do walki o ligowe punkty. W pierwszym domowym meczu rundy rewan\u017cowej lechici zmierz\u0105 si\u0119 w derbach Wielkopolski z KS Gniezno. Pojedynek odb\u0119dzie si\u0119 w sobot\u0119, 1 lutego o godzinie 18 w hali Centrum Sportu Politechniki Pozna\u0144skiej. <\/strong><\/h2>\n\n\n\n<p>Wiara Lecha przyst\u0105pi do sobotniego meczu jako wicelider tabeli, maj\u0105c na koncie 33 punkty, z trzema oczkami straty do prowadz\u0105cego Futsalu \u015awiecie. KS Gniezno zajmuje 5. miejsce i traci do poznaniak\u00f3w 14 punkt\u00f3w. <\/p>\n\n\n\n<p>W pierwszej rundzie tego sezonu Wiara Lecha pokona\u0142a KS Gniezno na wyje\u017adzie 7:3.. Gospodarze mog\u0105 r\u00f3wnie\u017c pochwali\u0107 si\u0119 dobr\u0105 form\u0105 w 2025 roku \u2013 w lidze wygrali na wyje\u017adzie z Wenecj\u0105 Pu\u0142tusk 4:1, a w Pucharze Polski pokonali ekstraklasowe Red Dragons Pniewy 6:1 i odpadli z dalszej rywalizacji po rzutach karnych z Legi\u0105 Warszawa. KS Gniezno r\u00f3wnie\u017c zaliczy\u0142o udany start roku, wygrywaj\u0105c swoje mecze w Pucharze Polski \u2013 najpierw 6:4 z Futsalem Gosty\u0144, a nast\u0119pnie po dogrywce 5:4 z Futsalem Szczecin. W lidze natomiast pokonali u siebie Team L\u0119bork 3:1.<\/p>\n\n\n\n<p>Pojedynek 13. kolejki I ligi futsalu pomi\u0119dzy Wiar\u0105 Lecha a KS Gniezno odb\u0119dzie si\u0119 w sobot\u0119, 1 lutego o godzinie 18. Aren\u0105 derb\u00f3w Wielkopolski b\u0119dzie hala Politechniki Pozna\u0144skiej przy ulicy Piotrowo. Wst\u0119p na mecz b\u0119dzie p\u0142atny. Koszt biletu-cegie\u0142ki wynosi 10 z\u0142otych (dzieci do lat 10 wejd\u0105 na trybuny za darmo).<\/p>\n","protected":false},"excerpt":{"rendered":"<p>Po dw\u00f3ch tygodniach przerwy futsali\u015bci Wiary Lecha wr\u00f3c\u0105 do walki o ligowe punkty. W pierwszym domowym meczu rundy rewan\u017cowej lechici zmierz\u0105 si\u0119 w derbach Wielkopolski z KS Gniezno. Pojedynek odb\u0119dzie si\u0119 w sobot\u0119, 1 lutego o godzinie 18 w hali Centrum Sportu Politechniki Pozna\u0144skiej. <\/p>\n","protected":false},"author":2,"featured_media":15135,"comment_status":"closed","ping_status":"closed","sticky":false,"template":"","format":"standard","meta":{"_acf_changed":false,"_jetpack_memberships_contains_paid_content":false,"footnotes":""},"categories":[118],"tags":[],"class_list":["post-15134","post","type-post","status-publish","format-standard","has-post-thumbnail","hentry","category-futsal"],"acf":[],"jetpack_featured_media_url":"https:\/\/www.wiaralecha.pl\/wp-content\/uploads\/2025\/01\/FWLKSG_zapowiedz.png","jetpack_sharing_enabled":true,"_links":{"self":[{"href":"https:\/\/www.wiaralecha.pl\/index.php\/wp-json\/wp\/v2\/posts\/15134","targetHints":{"allow":["GET"]}}],"collection":[{"href":"https:\/\/www.wiaralecha.pl\/index.php\/wp-json\/wp\/v2\/posts"}],"about":[{"href":"https:\/\/www.wiaralecha.pl\/index.php\/wp-json\/wp\/v2\/types\/post"}],"author":[{"embeddable":true,"href":"https:\/\/www.wiaralecha.pl\/index.php\/wp-json\/wp\/v2\/users\/2"}],"replies":[{"embeddable":true,"href":"https:\/\/www.wiaralecha.pl\/index.php\/wp-json\/wp\/v2\/comments?post=15134"}],"version-history":[{"count":1,"href":"https:\/\/www.wiaralecha.pl\/index.php\/wp-json\/wp\/v2\/posts\/15134\/revisions"}],"predecessor-version":[{"id":15136,"href":"https:\/\/www.wiaralecha.pl\/index.php\/wp-json\/wp\/v2\/posts\/15134\/revisions\/15136"}],"wp:featuredmedia":[{"embeddable":true,"href":"https:\/\/www.wiaralecha.pl\/index.php\/wp-json\/wp\/v2\/media\/15135"}],"wp:attachment":[{"href":"https:\/\/www.wiaralecha.pl\/index.php\/wp-json\/wp\/v2\/media?parent=15134"}],"wp:term":[{"taxonomy":"category","embeddable":true,"href":"https:\/\/www.wiaralecha.pl\/index.php\/wp-json\/wp\/v2\/categories?post=15134"},{"taxonomy":"post_tag","embeddable":true,"href":"https:\/\/www.wiaralecha.pl\/index.php\/wp-json\/wp\/v2\/tags?post=15134"}],"curies":[{"name":"wp","href":"https:\/\/api.w.org\/{rel}","templated":true}]}}