{"id":15186,"date":"2025-02-07T19:36:09","date_gmt":"2025-02-07T18:36:09","guid":{"rendered":"https:\/\/www.wiaralecha.pl\/?p=15186"},"modified":"2025-02-10T21:08:20","modified_gmt":"2025-02-10T20:08:20","slug":"sparing-wiara-lecha-zagra-z-rezerwami-gdynskiej-arki","status":"publish","type":"post","link":"https:\/\/www.wiaralecha.pl\/index.php\/2025\/02\/07\/sparing-wiara-lecha-zagra-z-rezerwami-gdynskiej-arki\/","title":{"rendered":"Sparing: Wiara Lecha zagra z rezerwami gdy\u0144skiej Arki"},"content":{"rendered":"\n<h2 class=\"wp-block-heading\"><strong>Wiara Lecha rozegra czwarty mecz kontrolny tej zimy. Rywalem kibic\u00f3w Kolejorza b\u0119dzie drugi zesp\u00f3\u0142 I-ligowej Arki Gdynia. Mecz przyja\u017ani odb\u0119dzie si\u0119 w sobot\u0119, 8 lutego o godzinie 13 na Narodowym Stadionie Rugby w Gdyni.<\/strong><\/h2>\n\n\n\n<p>Podczas 3-dniowego zgrupowania w Gdyni Wiara Lecha odb\u0119dzie kilka trening\u00f3w i zmierzy si\u0119 w sparingu z rezerwami Arki. Gdynianie, kt\u00f3rzy s\u0105 liderem Klasy Okr\u0119gowej maj\u0105 a\u017c 14 punkt\u00f3w przewagi nad drugim w tabeli Soko\u0142em Bo\u017cepole Wielkie i s\u0105 na dobrej drodze do awansu do IV ligi, w kt\u00f3rej grali nieprzerwanie przez osiem sezon\u00f3w.<\/p>\n\n\n\n<p>Dla Wiary Lecha b\u0119dzie to czwarty mecz kontrolny tej zimy. Dotychczas Kibole zanotowali dwa remisy 1:1 \u2013 z Piastem Kobylnica i Spart\u0105 Oborniki \u2013 oraz przegrali 0:1 z juniorami starszymi Warty Pozna\u0144.<\/p>\n\n\n\n<p>Nie b\u0119dzie to pierwszy sparing lechit\u00f3w w Gdyni. Dwukrotnie mierzyli si\u0119 tam z KP Gdynia \u2013 w 2014 roku przegrali 1:2, a trzy lata p\u00f3\u017aniej na Narodowym Stadionie Rugby zrewan\u017cowali si\u0119, wygrywaj\u0105c 4:0.<\/p>\n\n\n\n<p>Mecz Arka II Gdynia \u2013 Wiara Lecha odb\u0119dzie si\u0119 w sobot\u0119, 8 lutego o godzinie 13 na Narodowym Stadionie Rugby w Gdyni.<\/p>\n","protected":false},"excerpt":{"rendered":"<p>Wiara Lecha rozegra czwarty mecz kontrolny tej zimy. Rywalem kibic\u00f3w Kolejorza b\u0119dzie drugi zesp\u00f3\u0142 I-ligowej Arki Gdynia. Mecz przyja\u017ani odb\u0119dzie si\u0119 w sobot\u0119, 8 lutego o godzinie 13 na Narodowym Stadionie Rugby w Gdyni. Podczas 3-dniowego zgrupowania w Gdyni Wiara Lecha odb\u0119dzie kilka trening\u00f3w i zmierzy si\u0119 w sparingu z rezerwami Arki. Gdynianie, kt\u00f3rzy s\u0105&#8230;<\/p>\n","protected":false},"author":2,"featured_media":15187,"comment_status":"closed","ping_status":"closed","sticky":false,"template":"","format":"standard","meta":{"_acf_changed":false,"_jetpack_memberships_contains_paid_content":false,"footnotes":""},"categories":[94],"tags":[],"class_list":["post-15186","post","type-post","status-publish","format-standard","has-post-thumbnail","hentry","category-sparing"],"acf":[],"jetpack_featured_media_url":"https:\/\/www.wiaralecha.pl\/wp-content\/uploads\/2025\/02\/ARKDWL_zapowiedz.png","jetpack_sharing_enabled":true,"_links":{"self":[{"href":"https:\/\/www.wiaralecha.pl\/index.php\/wp-json\/wp\/v2\/posts\/15186","targetHints":{"allow":["GET"]}}],"collection":[{"href":"https:\/\/www.wiaralecha.pl\/index.php\/wp-json\/wp\/v2\/posts"}],"about":[{"href":"https:\/\/www.wiaralecha.pl\/index.php\/wp-json\/wp\/v2\/types\/post"}],"author":[{"embeddable":true,"href":"https:\/\/www.wiaralecha.pl\/index.php\/wp-json\/wp\/v2\/users\/2"}],"replies":[{"embeddable":true,"href":"https:\/\/www.wiaralecha.pl\/index.php\/wp-json\/wp\/v2\/comments?post=15186"}],"version-history":[{"count":2,"href":"https:\/\/www.wiaralecha.pl\/index.php\/wp-json\/wp\/v2\/posts\/15186\/revisions"}],"predecessor-version":[{"id":15189,"href":"https:\/\/www.wiaralecha.pl\/index.php\/wp-json\/wp\/v2\/posts\/15186\/revisions\/15189"}],"wp:featuredmedia":[{"embeddable":true,"href":"https:\/\/www.wiaralecha.pl\/index.php\/wp-json\/wp\/v2\/media\/15187"}],"wp:attachment":[{"href":"https:\/\/www.wiaralecha.pl\/index.php\/wp-json\/wp\/v2\/media?parent=15186"}],"wp:term":[{"taxonomy":"category","embeddable":true,"href":"https:\/\/www.wiaralecha.pl\/index.php\/wp-json\/wp\/v2\/categories?post=15186"},{"taxonomy":"post_tag","embeddable":true,"href":"https:\/\/www.wiaralecha.pl\/index.php\/wp-json\/wp\/v2\/tags?post=15186"}],"curies":[{"name":"wp","href":"https:\/\/api.w.org\/{rel}","templated":true}]}}