{"id":15900,"date":"2025-05-21T15:51:02","date_gmt":"2025-05-21T13:51:02","guid":{"rendered":"https:\/\/www.wiaralecha.pl\/?p=15900"},"modified":"2025-05-21T15:51:03","modified_gmt":"2025-05-21T13:51:03","slug":"kacper-zydorczyk-zadebiutowal-w-iv-ligowej-wiarze-lecha","status":"publish","type":"post","link":"https:\/\/www.wiaralecha.pl\/index.php\/2025\/05\/21\/kacper-zydorczyk-zadebiutowal-w-iv-ligowej-wiarze-lecha\/","title":{"rendered":"Kacper Zydorczyk zadebiutowa\u0142 w IV-ligowej Wiarze Lecha"},"content":{"rendered":"\n<h2 class=\"wp-block-heading\"><strong>Zawodnik sekcji futsalu, Kacper Zydorczyk, zadebiutowa\u0142 w IV-ligowej dru\u017cynie Wiary Lecha. W 87. minucie meczu z Lipnem St\u0119szew zast\u0105pi\u0142 na boisku kapitana zespo\u0142u, Daniela Mankiewicza. By\u0142 to jego pierwszy wyst\u0119p w pi\u0142ce no\u017cnej 11-osobowej od blisko dw\u00f3ch lat.<\/strong><\/h2>\n\n\n\n<p>Zydorczyk do\u0142\u0105czy\u0142 do sekcji futsalu Wiary Lecha przed rozpocz\u0119ciem sezonu 2024\/2025, przechodz\u0105c z Futsalu Leszno, w barwach kt\u00f3rego rozegra\u0142 38 mecz\u00f3w w Ekstraklasie i zdoby\u0142 jedn\u0105 bramk\u0119. Wyst\u0119powa\u0142 r\u00f3wnie\u017c w rezerwach leszczy\u0144skiego klubu, graj\u0105cych pod nazw\u0105 Piast Poniec. 21-latek swoj\u0105 pi\u0142karsk\u0105 przygod\u0119 rozpoczyna\u0142 w Obrze Ko\u015bcian, kt\u00f3rej by\u0142 zawodnikiem a\u017c do przej\u015bcia do Wiary Lecha. W ostatnich sezonach skupi\u0142 si\u0119 na futsalu. Ostatni raz w pi\u0142ce 11-osobowej zagra\u0142 w sezonie 2022\/2023 w barwach V-ligowego Piasta Poniec, do kt\u00f3rego by\u0142 wypo\u017cyczony. Blisko dwa lata temu \u2013 11 czerwca \u2013 wyst\u0105pi\u0142 w zremisowanym meczu z Bia\u0142ym Or\u0142em Ko\u017amin.<\/p>\n\n\n\n<p>Po udanym sezonie w sekcji futsalu Wiary Lecha \u2013 by\u0142 zawodnikiem z najwi\u0119ksz\u0105 liczb\u0105 wyst\u0119p\u00f3w (26), trzecim strzelcem oraz asystentem dru\u017cyny (11 bramek, 14 asyst) \u2013 zosta\u0142 w\u0142\u0105czony do kadry IV-ligowej dru\u017cyny. Po jednym treningu z zespo\u0142em usiad\u0142 na \u0142awce rezerwowych w spotkaniu z Huraganem Pobiedziska, a tydzie\u0144 p\u00f3\u017aniej zadebiutowa\u0142 w meczu z Lipnem St\u0119szew. Na boisku pojawi\u0142 si\u0119 w ko\u0144c\u00f3wce, zmieniaj\u0105c kapitana zespo\u0142u. Nie by\u0142 to jednak jego pierwszy kontakt z IV lig\u0105 \u2013 wcze\u015bniej wyst\u0119powa\u0142 na tym poziomie przez dwa sezony w barwach Obry Ko\u015bcian (2020\/2021, 2021\/2022).<\/p>\n\n\n\n<p>Kacper Zydorczyk zosta\u0142 133. zawodnikiem, kt\u00f3ry zagra\u0142 w DWL, i pierwszym, kt\u00f3ry najpierw zadebiutowa\u0142 w sekcji futsalu, a dopiero p\u00f3\u017aniej wyst\u0105pi\u0142 w dru\u017cynie Niebiesko-Bia\u0142ych graj\u0105cej w rozgrywkach 11-osobowej pi\u0142ki no\u017cnej.<\/p>\n","protected":false},"excerpt":{"rendered":"<p>Zawodnik sekcji futsalu, Kacper Zydorczyk, zadebiutowa\u0142 w IV-ligowej dru\u017cynie Wiary Lecha. W 87. minucie meczu z Lipnem St\u0119szew zast\u0105pi\u0142 na boisku kapitana zespo\u0142u, Daniela Mankiewicza. By\u0142 to jego pierwszy wyst\u0119p w pi\u0142ce no\u017cnej 11-osobowej od blisko dw\u00f3ch lat.<\/p>\n","protected":false},"author":2,"featured_media":15916,"comment_status":"closed","ping_status":"closed","sticky":false,"template":"","format":"standard","meta":{"_acf_changed":false,"_jetpack_memberships_contains_paid_content":false,"footnotes":""},"categories":[16],"tags":[],"class_list":["post-15900","post","type-post","status-publish","format-standard","has-post-thumbnail","hentry","category-pierwszy-zespol"],"acf":[],"jetpack_featured_media_url":"https:\/\/www.wiaralecha.pl\/wp-content\/uploads\/2025\/05\/Zydor.png","jetpack_sharing_enabled":true,"_links":{"self":[{"href":"https:\/\/www.wiaralecha.pl\/index.php\/wp-json\/wp\/v2\/posts\/15900","targetHints":{"allow":["GET"]}}],"collection":[{"href":"https:\/\/www.wiaralecha.pl\/index.php\/wp-json\/wp\/v2\/posts"}],"about":[{"href":"https:\/\/www.wiaralecha.pl\/index.php\/wp-json\/wp\/v2\/types\/post"}],"author":[{"embeddable":true,"href":"https:\/\/www.wiaralecha.pl\/index.php\/wp-json\/wp\/v2\/users\/2"}],"replies":[{"embeddable":true,"href":"https:\/\/www.wiaralecha.pl\/index.php\/wp-json\/wp\/v2\/comments?post=15900"}],"version-history":[{"count":2,"href":"https:\/\/www.wiaralecha.pl\/index.php\/wp-json\/wp\/v2\/posts\/15900\/revisions"}],"predecessor-version":[{"id":15903,"href":"https:\/\/www.wiaralecha.pl\/index.php\/wp-json\/wp\/v2\/posts\/15900\/revisions\/15903"}],"wp:featuredmedia":[{"embeddable":true,"href":"https:\/\/www.wiaralecha.pl\/index.php\/wp-json\/wp\/v2\/media\/15916"}],"wp:attachment":[{"href":"https:\/\/www.wiaralecha.pl\/index.php\/wp-json\/wp\/v2\/media?parent=15900"}],"wp:term":[{"taxonomy":"category","embeddable":true,"href":"https:\/\/www.wiaralecha.pl\/index.php\/wp-json\/wp\/v2\/categories?post=15900"},{"taxonomy":"post_tag","embeddable":true,"href":"https:\/\/www.wiaralecha.pl\/index.php\/wp-json\/wp\/v2\/tags?post=15900"}],"curies":[{"name":"wp","href":"https:\/\/api.w.org\/{rel}","templated":true}]}}