{"id":15904,"date":"2025-05-20T11:46:01","date_gmt":"2025-05-20T09:46:01","guid":{"rendered":"https:\/\/www.wiaralecha.pl\/?p=15904"},"modified":"2025-05-20T13:05:41","modified_gmt":"2025-05-20T11:05:41","slug":"orlando-duarte-nowym-trenerem-sekcji-futsalu-wiary-lecha","status":"publish","type":"post","link":"https:\/\/www.wiaralecha.pl\/index.php\/2025\/05\/20\/orlando-duarte-nowym-trenerem-sekcji-futsalu-wiary-lecha\/","title":{"rendered":"Orlando Duarte nowym trenerem sekcji futsalu Wiary Lecha"},"content":{"rendered":"\n<h2 class=\"wp-block-heading\"><strong>Od sezonu 2025\/2026 sekcj\u0119 futsalu Wiary Lecha poprowadzi Orlando Duarte \u2013 jeden z najbardziej utytu\u0142owanych trener\u00f3w futsalu w Europie.&nbsp;Portugalczyk zast\u0105pi na stanowisku graj\u0105cego szkoleniowca Dominika Soleckiego, kt\u00f3ry pozostanie w sztabie jako asystent trenera.<\/strong><\/h2>\n\n\n\n<p>Fot. Robert Neumann<\/p>\n\n\n\n<p><strong>Orlando Duarte<\/strong> to posta\u0107 legendarna w \u015bwiecie futsalu.\u00a0Jako selekcjoner reprezentacji Portugalii (2000\u20132010) zdoby\u0142 srebrny medal Mistrzostw Europy w 2010 roku oraz br\u0105zowy medal Mistrzostw \u015awiata w 2000 roku.\u00a0Na poziomie klubowym poprowadzi\u0142 Sporting Lizbona do sze\u015bciu tytu\u0142\u00f3w mistrza Portugalii oraz fina\u0142u UEFA Futsal Cup.<\/p>\n\n\n\n<p>W latach 2008\u20132015 by\u0142 trenerem \u0142otewskiego FK Nikars Ryga, z kt\u00f3rym zdoby\u0142 siedem tytu\u0142\u00f3w mistrza \u0141otwy oraz regularnie uczestniczy\u0142 w UEFA Futsal Cup.&nbsp;W Polsce zapisa\u0142 si\u0119 z\u0142otymi zg\u0142oskami jako szkoleniowiec Piasta Gliwice (2019\u20132024), zdobywaj\u0105c z klubem mistrzostwo Polski w sezonie 2021\/2022, Puchar Polski oraz cztery medale Futsal Ekstraklasy.&nbsp;W 2022 roku zosta\u0142 wybrany Trenerem Sezonu w plebiscycie Futsal Ekstraklasy.<\/p>\n\n\n\n<p>Duarte jest tak\u017ce by\u0142ym instruktorem FIFA, cenionym wyk\u0142adowc\u0105 UEFA oraz posiadaczem najwy\u017cszej licencji trenerskiej UEFA Level IV.<\/p>\n\n\n\n<blockquote class=\"wp-block-quote is-layout-flow wp-block-quote-is-layout-flow\">\n<p><em>Zatrudnienie Orlando Duarte to ogromny krok naprz\u00f3d dla naszej sekcji.&nbsp;Jego do\u015bwiadczenie i sukcesy m\u00f3wi\u0105 same za siebie.&nbsp;Wierzymy, \u017ce pod jego wodz\u0105 nasz zesp\u00f3\u0142 awansuje do Futsal Ekstraklasy<\/em> &#8211; powiedzia\u0142 Pawe\u0142 Piestrzy\u0144ski, prezes Wiary Lecha. <\/p>\n<\/blockquote>\n\n\n\n<p>Dominik Solecki, kt\u00f3ry prowadzi\u0142 zesp\u00f3\u0142 Wiary Lecha w rundzie rewan\u017cowej sezonu 2024\/2025, pozostanie w sztabie szkoleniowym jako asystent trenera.&nbsp;<\/p>\n","protected":false},"excerpt":{"rendered":"<p>Od sezonu 2025\/2026 sekcj\u0119 futsalu Wiary Lecha poprowadzi Orlando Duarte \u2013 jeden z najbardziej utytu\u0142owanych trener\u00f3w futsalu w Europie.&nbsp;Portugalczyk zast\u0105pi na stanowisku graj\u0105cego szkoleniowca Dominika Soleckiego, kt\u00f3ry pozostanie w sztabie jako asystent trenera. Fot. Robert Neumann Orlando Duarte to posta\u0107 legendarna w \u015bwiecie futsalu.\u00a0Jako selekcjoner reprezentacji Portugalii (2000\u20132010) zdoby\u0142 srebrny medal Mistrzostw Europy w 2010&#8230;<\/p>\n","protected":false},"author":2,"featured_media":15911,"comment_status":"closed","ping_status":"closed","sticky":false,"template":"","format":"standard","meta":{"_acf_changed":false,"_jetpack_memberships_contains_paid_content":false,"footnotes":""},"categories":[118],"tags":[],"class_list":["post-15904","post","type-post","status-publish","format-standard","has-post-thumbnail","hentry","category-futsal"],"acf":[],"jetpack_featured_media_url":"https:\/\/www.wiaralecha.pl\/wp-content\/uploads\/2025\/05\/Orlando_news.png","jetpack_sharing_enabled":true,"_links":{"self":[{"href":"https:\/\/www.wiaralecha.pl\/index.php\/wp-json\/wp\/v2\/posts\/15904","targetHints":{"allow":["GET"]}}],"collection":[{"href":"https:\/\/www.wiaralecha.pl\/index.php\/wp-json\/wp\/v2\/posts"}],"about":[{"href":"https:\/\/www.wiaralecha.pl\/index.php\/wp-json\/wp\/v2\/types\/post"}],"author":[{"embeddable":true,"href":"https:\/\/www.wiaralecha.pl\/index.php\/wp-json\/wp\/v2\/users\/2"}],"replies":[{"embeddable":true,"href":"https:\/\/www.wiaralecha.pl\/index.php\/wp-json\/wp\/v2\/comments?post=15904"}],"version-history":[{"count":4,"href":"https:\/\/www.wiaralecha.pl\/index.php\/wp-json\/wp\/v2\/posts\/15904\/revisions"}],"predecessor-version":[{"id":15914,"href":"https:\/\/www.wiaralecha.pl\/index.php\/wp-json\/wp\/v2\/posts\/15904\/revisions\/15914"}],"wp:featuredmedia":[{"embeddable":true,"href":"https:\/\/www.wiaralecha.pl\/index.php\/wp-json\/wp\/v2\/media\/15911"}],"wp:attachment":[{"href":"https:\/\/www.wiaralecha.pl\/index.php\/wp-json\/wp\/v2\/media?parent=15904"}],"wp:term":[{"taxonomy":"category","embeddable":true,"href":"https:\/\/www.wiaralecha.pl\/index.php\/wp-json\/wp\/v2\/categories?post=15904"},{"taxonomy":"post_tag","embeddable":true,"href":"https:\/\/www.wiaralecha.pl\/index.php\/wp-json\/wp\/v2\/tags?post=15904"}],"curies":[{"name":"wp","href":"https:\/\/api.w.org\/{rel}","templated":true}]}}