{"id":15906,"date":"2025-05-19T18:39:23","date_gmt":"2025-05-19T16:39:23","guid":{"rendered":"https:\/\/www.wiaralecha.pl\/?p=15906"},"modified":"2025-05-19T18:39:48","modified_gmt":"2025-05-19T16:39:48","slug":"sklad-i-ligi-futsalu-w-sezonie-2025-2026","status":"publish","type":"post","link":"https:\/\/www.wiaralecha.pl\/index.php\/2025\/05\/19\/sklad-i-ligi-futsalu-w-sezonie-2025-2026\/","title":{"rendered":"Sk\u0142ad I ligi futsalu w sezonie 2025\/2026"},"content":{"rendered":"\n<h2 class=\"wp-block-heading\"><strong>Futsali\u015bci Wiary Lecha po nieudanych bara\u017cach o awans do Fogo Futsal Ekstraklasy rozegraj\u0105 kolejny sezon na zapleczu najwy\u017cszej klasy rozgrywkowej. Lechici pozostaj\u0105 w grupie p\u00f3\u0142nocnej I ligi.<\/strong><\/h2>\n\n\n\n<p>W sezonie 2024\/2025 awans do Fogo Futsal Ekstraklasy wywalczy\u0142 Futsal \u015awiecie. Z lig\u0105 po\u017cegnali si\u0119 natomiast Futsal Szczecin, KIA \u0141owicz oraz KKF Konin. Do rozgrywek I ligi do\u0142\u0105czy\u0142y dwa zespo\u0142y zdegradowane z Ekstraklasy \u2013 Red Devils Chojnice i AZS UW Wilan\u00f3w Warszawa \u2013 a tak\u017ce beniaminkowie: Bonito Bia\u0142ystok oraz TAF Toru\u0144.<\/p>\n\n\n\n<p>Sezon 2025\/2026 rozpocznie si\u0119 w weekend 20\u201321 wrze\u015bnia, a zako\u0144czy 18\u201319 kwietnia. Lechici do rywalizacji w Pucharze Polski przyst\u0105pi\u0105 na etapie 1\/32 fina\u0142u, zaplanowanym na 8\u20139 listopada. Mecze bara\u017cowe o awans do Ekstraklasy odb\u0119d\u0105 si\u0119 2 i 9\u201310 maja.<\/p>\n\n\n\n<p><strong>Sk\u0142ad grupy p\u00f3\u0142nocnej I ligi futsalu w sezonie 2025\/202<\/strong>6<br>(<em>s \u2013 spadkowicz z Ekstraklasy, b \u2013 beniaminek<\/em>)<\/p>\n\n\n\n<ul class=\"wp-block-list\">\n<li>AZS UG Gda\u0144sk<\/li>\n\n\n\n<li>AZS UW Wilan\u00f3w Warszawa&nbsp;<em>(s)<\/em><\/li>\n\n\n\n<li>Bonito Bia\u0142ystok&nbsp;<em>(b)<\/em><\/li>\n\n\n\n<li>Dragon Bojano<\/li>\n\n\n\n<li>Futbalo Bia\u0142ystok<\/li>\n\n\n\n<li>KS Gniezno<\/li>\n\n\n\n<li>Jagiellonia Bia\u0142ystok<\/li>\n\n\n\n<li>Red Devils Chojnice&nbsp;<em>(s)<\/em><\/li>\n\n\n\n<li>TAF Toru\u0144&nbsp;<em>(b)<\/em><\/li>\n\n\n\n<li>Team L\u0119bork<\/li>\n\n\n\n<li>Wenecja Pu\u0142tusk<\/li>\n\n\n\n<li><strong>Wiara Lecha Pozna\u0144<\/strong><\/li>\n<\/ul>\n","protected":false},"excerpt":{"rendered":"<p>Futsali\u015bci Wiary Lecha po nieudanych bara\u017cach o awans do Fogo Futsal Ekstraklasy rozegraj\u0105 kolejny sezon na zapleczu najwy\u017cszej klasy rozgrywkowej. Lechici pozostaj\u0105 w grupie p\u00f3\u0142nocnej I ligi.<\/p>\n","protected":false},"author":2,"featured_media":15909,"comment_status":"closed","ping_status":"closed","sticky":false,"template":"","format":"standard","meta":{"_acf_changed":false,"_jetpack_memberships_contains_paid_content":false,"footnotes":""},"categories":[118],"tags":[],"class_list":["post-15906","post","type-post","status-publish","format-standard","has-post-thumbnail","hentry","category-futsal"],"acf":[],"jetpack_featured_media_url":"https:\/\/www.wiaralecha.pl\/wp-content\/uploads\/2025\/05\/Nowy_sezon.png","jetpack_sharing_enabled":true,"_links":{"self":[{"href":"https:\/\/www.wiaralecha.pl\/index.php\/wp-json\/wp\/v2\/posts\/15906","targetHints":{"allow":["GET"]}}],"collection":[{"href":"https:\/\/www.wiaralecha.pl\/index.php\/wp-json\/wp\/v2\/posts"}],"about":[{"href":"https:\/\/www.wiaralecha.pl\/index.php\/wp-json\/wp\/v2\/types\/post"}],"author":[{"embeddable":true,"href":"https:\/\/www.wiaralecha.pl\/index.php\/wp-json\/wp\/v2\/users\/2"}],"replies":[{"embeddable":true,"href":"https:\/\/www.wiaralecha.pl\/index.php\/wp-json\/wp\/v2\/comments?post=15906"}],"version-history":[{"count":3,"href":"https:\/\/www.wiaralecha.pl\/index.php\/wp-json\/wp\/v2\/posts\/15906\/revisions"}],"predecessor-version":[{"id":15910,"href":"https:\/\/www.wiaralecha.pl\/index.php\/wp-json\/wp\/v2\/posts\/15906\/revisions\/15910"}],"wp:featuredmedia":[{"embeddable":true,"href":"https:\/\/www.wiaralecha.pl\/index.php\/wp-json\/wp\/v2\/media\/15909"}],"wp:attachment":[{"href":"https:\/\/www.wiaralecha.pl\/index.php\/wp-json\/wp\/v2\/media?parent=15906"}],"wp:term":[{"taxonomy":"category","embeddable":true,"href":"https:\/\/www.wiaralecha.pl\/index.php\/wp-json\/wp\/v2\/categories?post=15906"},{"taxonomy":"post_tag","embeddable":true,"href":"https:\/\/www.wiaralecha.pl\/index.php\/wp-json\/wp\/v2\/tags?post=15906"}],"curies":[{"name":"wp","href":"https:\/\/api.w.org\/{rel}","templated":true}]}}