{"id":16061,"date":"2025-05-20T16:48:50","date_gmt":"2025-05-20T14:48:50","guid":{"rendered":"https:\/\/www.wiaralecha.pl\/?p=16061"},"modified":"2025-06-26T16:59:18","modified_gmt":"2025-06-26T14:59:18","slug":"pokazowe-treningi-sekcji-futsalu-wiary-lecha-na-franowie-i-zonkilowej","status":"publish","type":"post","link":"https:\/\/www.wiaralecha.pl\/index.php\/2025\/05\/20\/pokazowe-treningi-sekcji-futsalu-wiary-lecha-na-franowie-i-zonkilowej\/","title":{"rendered":"Pokazowe treningi sekcji futsalu Wiary Lecha na Franowie i \u017bonkilowej"},"content":{"rendered":"\n<h2 class=\"wp-block-heading\"><strong>W drugiej po\u0142owie maja sekcja futsalu Wiary Lecha przeprowadzi\u0142a dwa pokazowe treningi dla najm\u0142odszych, promuj\u0105c aktywno\u015b\u0107 fizyczn\u0105 i futsal. Niebiesko-Biali odwiedzili nowe boisko przy Decathlon Franowo oraz dobrze znane mury Szko\u0142y Podstawowej nr 78 na \u017bonkilowej.<\/strong><\/h2>\n\n\n\n<h4 class=\"wp-block-heading\"><strong>17 maja \u2013 Decathlon Franowo<\/strong> przy ulicy Szwedzkiej<\/h4>\n\n\n\n<p>Na zaproszenie naszego partnera technicznego \u2013 Decathlonu \u2013 futsali\u015bci Wiary Lecha wzi\u0119li udzia\u0142 w otwarciu nowego boiska przy ulicy Szwedzkiej. W ramach wydarzenia odby\u0142 si\u0119 pokazowy trening futsalu dla dzieci. Nie zabrak\u0142o te\u017c elementu\u2026 koszykarskiego \u2013 zawodnicy Wiary Lecha zmierzyli si\u0119 w towarzyskim meczu z m\u0142odzie\u017c\u0105 Basket Pozna\u0144, co by\u0142o niecodzienn\u0105, ale bardzo radosn\u0105 form\u0105 integracji i promocji sportu.<\/p>\n\n\n\n<h4 class=\"wp-block-heading\"><strong>19 maja \u2013 Szko\u0142a Podstawowa nr 78 przy uli<\/strong>cy \u017bonkilowej<\/h4>\n\n\n\n<p>Dwa dni p\u00f3\u017aniej sekcja futsalu przeprowadzi\u0142a trening pokazowy w Szkole Podstawowej nr 78. To w\u0142a\u015bnie tam, w okresie zimowym, swoje zaj\u0119cia odbywaj\u0105 dwie grupy Akademii Wiary Lecha. Wizyta mia\u0142a na celu nie tylko podzi\u0119kowanie za go\u015bcinno\u015b\u0107, ale r\u00f3wnie\u017c zach\u0119cenie uczni\u00f3w do spr\u00f3bowania swoich si\u0142 w futsalu. Zaj\u0119cia cieszy\u0142y si\u0119 du\u017cym zainteresowaniem i zako\u0144czy\u0142y si\u0119 wsp\u00f3lnymi zdj\u0119ciami oraz rozmowami o sportowych marzeniach.<\/p>\n\n\n\n<p><\/p>\n\n\n\n<div class=\"wp-block-columns is-layout-flex wp-container-core-columns-is-layout-9d6595d7 wp-block-columns-is-layout-flex\">\n<div class=\"wp-block-column is-layout-flow wp-block-column-is-layout-flow\">\n<figure class=\"wp-block-image size-large\"><img loading=\"lazy\" decoding=\"async\" width=\"1024\" height=\"768\" src=\"https:\/\/www.wiaralecha.pl\/wp-content\/uploads\/2025\/05\/WhatsApp-Image-2025-06-26-at-16.38.06-1-1024x768.jpeg\" alt=\"\" class=\"wp-image-16066\" srcset=\"https:\/\/www.wiaralecha.pl\/wp-content\/uploads\/2025\/05\/WhatsApp-Image-2025-06-26-at-16.38.06-1-1024x768.jpeg 1024w, https:\/\/www.wiaralecha.pl\/wp-content\/uploads\/2025\/05\/WhatsApp-Image-2025-06-26-at-16.38.06-1-300x225.jpeg 300w, https:\/\/www.wiaralecha.pl\/wp-content\/uploads\/2025\/05\/WhatsApp-Image-2025-06-26-at-16.38.06-1-768x576.jpeg 768w, https:\/\/www.wiaralecha.pl\/wp-content\/uploads\/2025\/05\/WhatsApp-Image-2025-06-26-at-16.38.06-1-1536x1152.jpeg 1536w, https:\/\/www.wiaralecha.pl\/wp-content\/uploads\/2025\/05\/WhatsApp-Image-2025-06-26-at-16.38.06-1-128x96.jpeg 128w, https:\/\/www.wiaralecha.pl\/wp-content\/uploads\/2025\/05\/WhatsApp-Image-2025-06-26-at-16.38.06-1-32x24.jpeg 32w, https:\/\/www.wiaralecha.pl\/wp-content\/uploads\/2025\/05\/WhatsApp-Image-2025-06-26-at-16.38.06-1-90x68.jpeg 90w, https:\/\/www.wiaralecha.pl\/wp-content\/uploads\/2025\/05\/WhatsApp-Image-2025-06-26-at-16.38.06-1-112x84.jpeg 112w, https:\/\/www.wiaralecha.pl\/wp-content\/uploads\/2025\/05\/WhatsApp-Image-2025-06-26-at-16.38.06-1-356x267.jpeg 356w, https:\/\/www.wiaralecha.pl\/wp-content\/uploads\/2025\/05\/WhatsApp-Image-2025-06-26-at-16.38.06-1-470x353.jpeg 470w, https:\/\/www.wiaralecha.pl\/wp-content\/uploads\/2025\/05\/WhatsApp-Image-2025-06-26-at-16.38.06-1-70x53.jpeg 70w, https:\/\/www.wiaralecha.pl\/wp-content\/uploads\/2025\/05\/WhatsApp-Image-2025-06-26-at-16.38.06-1-100x75.jpeg 100w, https:\/\/www.wiaralecha.pl\/wp-content\/uploads\/2025\/05\/WhatsApp-Image-2025-06-26-at-16.38.06-1.jpeg 2048w\" sizes=\"auto, (max-width: 1024px) 100vw, 1024px\" \/><\/figure>\n<\/div>\n\n\n\n<div class=\"wp-block-column is-layout-flow wp-block-column-is-layout-flow\">\n<figure class=\"wp-block-image size-large\"><img loading=\"lazy\" decoding=\"async\" width=\"1024\" height=\"768\" src=\"https:\/\/www.wiaralecha.pl\/wp-content\/uploads\/2025\/05\/WhatsApp-Image-2025-06-26-at-16.38.08-1-1024x768.jpeg\" alt=\"\" class=\"wp-image-16067\" srcset=\"https:\/\/www.wiaralecha.pl\/wp-content\/uploads\/2025\/05\/WhatsApp-Image-2025-06-26-at-16.38.08-1-1024x768.jpeg 1024w, https:\/\/www.wiaralecha.pl\/wp-content\/uploads\/2025\/05\/WhatsApp-Image-2025-06-26-at-16.38.08-1-300x225.jpeg 300w, https:\/\/www.wiaralecha.pl\/wp-content\/uploads\/2025\/05\/WhatsApp-Image-2025-06-26-at-16.38.08-1-768x576.jpeg 768w, https:\/\/www.wiaralecha.pl\/wp-content\/uploads\/2025\/05\/WhatsApp-Image-2025-06-26-at-16.38.08-1-1536x1152.jpeg 1536w, https:\/\/www.wiaralecha.pl\/wp-content\/uploads\/2025\/05\/WhatsApp-Image-2025-06-26-at-16.38.08-1-128x96.jpeg 128w, https:\/\/www.wiaralecha.pl\/wp-content\/uploads\/2025\/05\/WhatsApp-Image-2025-06-26-at-16.38.08-1-32x24.jpeg 32w, https:\/\/www.wiaralecha.pl\/wp-content\/uploads\/2025\/05\/WhatsApp-Image-2025-06-26-at-16.38.08-1-90x68.jpeg 90w, https:\/\/www.wiaralecha.pl\/wp-content\/uploads\/2025\/05\/WhatsApp-Image-2025-06-26-at-16.38.08-1-112x84.jpeg 112w, https:\/\/www.wiaralecha.pl\/wp-content\/uploads\/2025\/05\/WhatsApp-Image-2025-06-26-at-16.38.08-1-356x267.jpeg 356w, https:\/\/www.wiaralecha.pl\/wp-content\/uploads\/2025\/05\/WhatsApp-Image-2025-06-26-at-16.38.08-1-470x353.jpeg 470w, https:\/\/www.wiaralecha.pl\/wp-content\/uploads\/2025\/05\/WhatsApp-Image-2025-06-26-at-16.38.08-1-70x53.jpeg 70w, https:\/\/www.wiaralecha.pl\/wp-content\/uploads\/2025\/05\/WhatsApp-Image-2025-06-26-at-16.38.08-1-100x75.jpeg 100w, https:\/\/www.wiaralecha.pl\/wp-content\/uploads\/2025\/05\/WhatsApp-Image-2025-06-26-at-16.38.08-1.jpeg 2048w\" sizes=\"auto, (max-width: 1024px) 100vw, 1024px\" \/><\/figure>\n<\/div>\n\n\n\n<div class=\"wp-block-column is-layout-flow wp-block-column-is-layout-flow\">\n<figure class=\"wp-block-image size-large\"><img loading=\"lazy\" decoding=\"async\" width=\"1024\" height=\"768\" src=\"https:\/\/www.wiaralecha.pl\/wp-content\/uploads\/2025\/05\/WhatsApp-Image-2025-06-26-at-16.38.08-1024x768.jpeg\" alt=\"\" class=\"wp-image-16068\" srcset=\"https:\/\/www.wiaralecha.pl\/wp-content\/uploads\/2025\/05\/WhatsApp-Image-2025-06-26-at-16.38.08-1024x768.jpeg 1024w, https:\/\/www.wiaralecha.pl\/wp-content\/uploads\/2025\/05\/WhatsApp-Image-2025-06-26-at-16.38.08-300x225.jpeg 300w, https:\/\/www.wiaralecha.pl\/wp-content\/uploads\/2025\/05\/WhatsApp-Image-2025-06-26-at-16.38.08-768x576.jpeg 768w, https:\/\/www.wiaralecha.pl\/wp-content\/uploads\/2025\/05\/WhatsApp-Image-2025-06-26-at-16.38.08-1536x1152.jpeg 1536w, https:\/\/www.wiaralecha.pl\/wp-content\/uploads\/2025\/05\/WhatsApp-Image-2025-06-26-at-16.38.08-128x96.jpeg 128w, https:\/\/www.wiaralecha.pl\/wp-content\/uploads\/2025\/05\/WhatsApp-Image-2025-06-26-at-16.38.08-32x24.jpeg 32w, https:\/\/www.wiaralecha.pl\/wp-content\/uploads\/2025\/05\/WhatsApp-Image-2025-06-26-at-16.38.08-90x68.jpeg 90w, https:\/\/www.wiaralecha.pl\/wp-content\/uploads\/2025\/05\/WhatsApp-Image-2025-06-26-at-16.38.08-112x84.jpeg 112w, https:\/\/www.wiaralecha.pl\/wp-content\/uploads\/2025\/05\/WhatsApp-Image-2025-06-26-at-16.38.08-356x267.jpeg 356w, https:\/\/www.wiaralecha.pl\/wp-content\/uploads\/2025\/05\/WhatsApp-Image-2025-06-26-at-16.38.08-470x353.jpeg 470w, https:\/\/www.wiaralecha.pl\/wp-content\/uploads\/2025\/05\/WhatsApp-Image-2025-06-26-at-16.38.08-70x53.jpeg 70w, https:\/\/www.wiaralecha.pl\/wp-content\/uploads\/2025\/05\/WhatsApp-Image-2025-06-26-at-16.38.08-100x75.jpeg 100w, https:\/\/www.wiaralecha.pl\/wp-content\/uploads\/2025\/05\/WhatsApp-Image-2025-06-26-at-16.38.08.jpeg 2048w\" sizes=\"auto, (max-width: 1024px) 100vw, 1024px\" \/><\/figure>\n<\/div>\n<\/div>\n\n\n\n<p>W treningach wzi\u0119li udzia\u0142 m.in.&nbsp;<strong>Dominik Solecki<\/strong>&nbsp;\u2013 graj\u0105cy trener i by\u0142y reprezentant Polski w futsalu,&nbsp;<strong>Uriel Cepeda<\/strong>&nbsp;\u2013 najlepszy strzelec I ligi, oraz&nbsp;<strong>Kacper Zydorczyk<\/strong>&nbsp;\u2013 najlepszy m\u0142odzie\u017cowiec sekcji futsalu Wiary Lecha. Po zako\u0144czonych wydarzeniach zawodnicy rozdawali autografy i ch\u0119tnie pozowali do zdj\u0119\u0107 z m\u0142odymi uczestnikami.<\/p>\n\n\n\n<div class=\"wp-block-columns is-layout-flex wp-container-core-columns-is-layout-9d6595d7 wp-block-columns-is-layout-flex\">\n<div class=\"wp-block-column is-layout-flow wp-block-column-is-layout-flow\">\n<div class=\"fb-video\" data-href=\"https:\/\/www.facebook.com\/reel\/2582152942127340\" data-width=\"500\" data-show-text=\"false\"><\/div>\n<\/div>\n\n\n\n<div class=\"wp-block-column is-layout-flow wp-block-column-is-layout-flow\">\n<iframe loading=\"lazy\" src=\"https:\/\/www.facebook.com\/plugins\/video.php?height=476&#038;href=https%3A%2F%2Fwww.facebook.com%2Ffutsalwl%2Fvideos%2F1031215265774651%2F&#038;show_text=true&#038;width=267&#038;t=0\" width=\"267\" height=\"591\" style=\"border:none;overflow:hidden\" scrolling=\"no\" frameborder=\"0\" allowfullscreen=\"true\" allow=\"autoplay; clipboard-write; encrypted-media; picture-in-picture; web-share\" allowFullScreen=\"true\"><\/iframe>\n<\/div>\n<\/div>\n\n\n\n<p>Zadanie dofinansowano ze \u015brodk\u00f3w bud\u017cetowych Miasta Poznania. <\/p>\n","protected":false},"excerpt":{"rendered":"<p>W drugiej po\u0142owie maja sekcja futsalu Wiary Lecha przeprowadzi\u0142a dwa pokazowe treningi dla najm\u0142odszych, promuj\u0105c aktywno\u015b\u0107 fizyczn\u0105 i futsal. Niebiesko-Biali odwiedzili nowe boisko przy Decathlon Franowo oraz dobrze znane mury Szko\u0142y Podstawowej nr 78 na \u017bonkilowej.<\/p>\n","protected":false},"author":2,"featured_media":16063,"comment_status":"closed","ping_status":"closed","sticky":false,"template":"","format":"standard","meta":{"_acf_changed":false,"_jetpack_memberships_contains_paid_content":false,"footnotes":""},"categories":[118],"tags":[],"class_list":["post-16061","post","type-post","status-publish","format-standard","has-post-thumbnail","hentry","category-futsal"],"acf":[],"jetpack_featured_media_url":"https:\/\/www.wiaralecha.pl\/wp-content\/uploads\/2025\/06\/WhatsApp-Image-2025-06-26-at-16.38.06.jpeg","jetpack_sharing_enabled":true,"_links":{"self":[{"href":"https:\/\/www.wiaralecha.pl\/index.php\/wp-json\/wp\/v2\/posts\/16061","targetHints":{"allow":["GET"]}}],"collection":[{"href":"https:\/\/www.wiaralecha.pl\/index.php\/wp-json\/wp\/v2\/posts"}],"about":[{"href":"https:\/\/www.wiaralecha.pl\/index.php\/wp-json\/wp\/v2\/types\/post"}],"author":[{"embeddable":true,"href":"https:\/\/www.wiaralecha.pl\/index.php\/wp-json\/wp\/v2\/users\/2"}],"replies":[{"embeddable":true,"href":"https:\/\/www.wiaralecha.pl\/index.php\/wp-json\/wp\/v2\/comments?post=16061"}],"version-history":[{"count":8,"href":"https:\/\/www.wiaralecha.pl\/index.php\/wp-json\/wp\/v2\/posts\/16061\/revisions"}],"predecessor-version":[{"id":16076,"href":"https:\/\/www.wiaralecha.pl\/index.php\/wp-json\/wp\/v2\/posts\/16061\/revisions\/16076"}],"wp:featuredmedia":[{"embeddable":true,"href":"https:\/\/www.wiaralecha.pl\/index.php\/wp-json\/wp\/v2\/media\/16063"}],"wp:attachment":[{"href":"https:\/\/www.wiaralecha.pl\/index.php\/wp-json\/wp\/v2\/media?parent=16061"}],"wp:term":[{"taxonomy":"category","embeddable":true,"href":"https:\/\/www.wiaralecha.pl\/index.php\/wp-json\/wp\/v2\/categories?post=16061"},{"taxonomy":"post_tag","embeddable":true,"href":"https:\/\/www.wiaralecha.pl\/index.php\/wp-json\/wp\/v2\/tags?post=16061"}],"curies":[{"name":"wp","href":"https:\/\/api.w.org\/{rel}","templated":true}]}}