{"id":17354,"date":"2026-01-19T13:42:25","date_gmt":"2026-01-19T12:42:25","guid":{"rendered":"https:\/\/www.wiaralecha.pl\/?p=17354"},"modified":"2026-01-23T07:55:30","modified_gmt":"2026-01-23T06:55:30","slug":"futsal-ks-gniezno-wiara-lecha-25","status":"publish","type":"post","link":"https:\/\/www.wiaralecha.pl\/index.php\/2026\/01\/19\/futsal-ks-gniezno-wiara-lecha-25\/","title":{"rendered":"Futsal: KS Gniezno &#8211; Wiara Lecha 2:5"},"content":{"rendered":"\n<h4 class=\"wp-block-heading\">W 12. kolejce I ligi futsalu Wiara Lecha pokona\u0142a KS Gniezno 5:2. Zwyci\u0119stwo w derbach Wielkopolski zapewni\u0142y Niebiesko-Bia\u0142ym trzy gole Uriela Cepedy oraz trafienia Jakuba Koz\u0142owskiego i Daniela Ozuny.<\/h4>\n\n\n\n<p>Wspierani przez liczn\u0105 grup\u0119 kibic\u00f3w futsali\u015bci Wiary Lecha si\u0119gn\u0119li po jedenasty komplet punkt\u00f3w w sezonie i powi\u0119kszyli przewag\u0119 nad drug\u0105 w tabeli Jagielloni\u0105 Bia\u0142ystok, kt\u00f3ra pauzowa\u0142a, do sze\u015bciu punkt\u00f3w.<\/p>\n\n\n\n<p>Mecz rozpocz\u0105\u0142 si\u0119 zaskakuj\u0105co. Ju\u017c w 27. sekundzie gospodarze wyszli na prowadzenie po trafieniu Dawida Radomskiego. W kolejnych minutach wydarzenia na parkiecie ca\u0142kowicie zdominowali podopieczni trenera Orlando Duarte. Do ko\u0144ca pierwszej ods\u0142ony, mimo wielu dogodnych okazji, tylko raz zdo\u0142ali pokona\u0107 znakomicie dysponowanego bramkarza zespo\u0142u z Gniezna. W 6. minucie, po dograniu Martina Solziego, do siatki trafi\u0142 niezawodny Uriel Cepeda.<\/p>\n\n\n\n<p>Po zmianie stron to w\u0142a\u015bnie Argenty\u0144czyk wyprowadzi\u0142 Lechit\u00f3w na prowadzenie, trafiaj\u0105c kolejno w 22. i 24. minucie. Przy obu bramkach asystowa\u0142 Spyridon Papakostas. Na 4:1 w 33. minucie podwy\u017cszy\u0142 Jakub Koz\u0142owski, kt\u00f3ry z najbli\u017cszej odleg\u0142o\u015bci wyko\u0144czy\u0142 podanie Daniela Ozuny. Gnie\u017anianie zdecydowali si\u0119 na gr\u0119 z lotnym bramkarzem, a nadziej\u0119 na korzystny wynik \u2014 zaledwie 12 sekund po golu Koz\u0142owskiego \u2014 przywr\u00f3ci\u0142 gospodarzom Marcin Gresser. Ostatecznie w 39. minucie wynik spotkania ustali\u0142 Daniel Ozuna, kt\u00f3ry odebra\u0142 pi\u0142k\u0119 rywalowi i skierowa\u0142 j\u0105 do pustej bramki.<\/p>\n\n\n\n<p>Kolejne spotkanie Wiara Lecha rozegra w sobot\u0119, 31 stycznia, o godzinie 17:00 w stolicy wojew\u00f3dztwa Zachodnio-Pomorskiego. Rywalem Niebiesko-Bia\u0142ych b\u0119dzie miejscowy Futsal Szczecin.<\/p>\n\n\n<div class=\"sportspress\"><div class=\"sp-section-content sp-section-content-logos\">\n<div class=\"card\">\n\t<div class=\"card__header\">\n\t\t<h4>Recap<\/h4>\n\t<\/div>\n\t<div class=\"card__content\">\n\n\t\t<!-- Game Result -->\n\t\t<div class=\"game-result\">\n\n\t\t\t<section class=\"game-result__section pt-0\">\n\t\t\t\t<header class=\"game-result__header game-result__header--alt\">\n\n\t\t\t\t\t\t\t\t\t\t\t<span class=\"game-result__league\">\n\t\t\t\t\t\t\tI Liga Futsalu\n\t\t\t\t\t\t\t\t\t\t\t\t\t\t\t2025\/2026\t\t\t\t\t\t\t\n\t\t\t\t\t\t<\/span>\n\t\t\t\t\t\n\t\t\t\t\t\n\t\t\t\t\t<time class=\"game-result__date\" datetime=\"2026-01-19 13:42:25\">\n\t\t\t\t\t\t18 stycznia 2026<span class=\"event-time-status event-time-status--has-divider\">16:00<\/span>\t\t\t\t\t<\/time>\n\n\t\t\t\t\t\t\t\t\t\t\t<div class=\"game-result__matchday\">(12)<\/div>\n\t\t\t\t\t\t\t\t\t\t<\/header>\n\n\t\t\t\t<!-- Team Logos + Game Result -->\n\t\t\t\t<div class=\"game-result__content\">\n\t\t\t\t\t<div class=\"game-result__team game-result__team--odd\"><figure class=\"game-result__team-logo\"><img loading=\"lazy\" decoding=\"async\" width=\"91\" height=\"100\" src=\"https:\/\/www.wiaralecha.pl\/wp-content\/uploads\/2021\/02\/KS_Gniezno-91x100.png\" class=\"attachment-alchemists_team-logo-fit size-alchemists_team-logo-fit wp-post-image\" alt=\"\" \/><\/figure><div class=\"game-result__team-info\"><h5 class=\"game-result__team-name\">KS Gniezno<\/h5><div class=\"game-result__team-desc\"><\/div><\/div><\/div><div class=\"game-result__team game-result__team--even\"><figure class=\"game-result__team-logo\"><img loading=\"lazy\" decoding=\"async\" width=\"65\" height=\"100\" src=\"https:\/\/www.wiaralecha.pl\/wp-content\/uploads\/2020\/07\/b8o8y1-65x100.png\" class=\"attachment-alchemists_team-logo-fit size-alchemists_team-logo-fit wp-post-image\" alt=\"\" \/><\/figure><div class=\"game-result__team-info\"><h5 class=\"game-result__team-name\">Wiara Lecha Futsal<\/h5><div class=\"game-result__team-desc\"><\/div><\/div><\/div>\n\t\t\t\t\t<!-- Game Score -->\n\t\t\t\t\t<div class=\"game-result__score-wrap\">\n\t\t\t\t\t\t<div class=\"game-result__score game-result__score--lg\">\n\n\t\t\t\t\t\t\t\n\t\t\t\t\t\t\t\t\n\t\t\t\t\t\t\t\t<!-- 1st Team -->\n\t\t\t\t\t\t\t\t<span class=\"game-result__score-result game-result__score-result--loser\">\n\t\t\t\t\t\t\t\t\t2\t\t\t\t\t\t\t\t<\/span>\n\t\t\t\t\t\t\t\t<!-- 1st Team \/ End -->\n\n\t\t\t\t\t\t\t\t<span class=\"game-result__score-dash\">-<\/span>\n\n\t\t\t\t\t\t\t\t<!-- 2nd Team -->\n\t\t\t\t\t\t\t\t<span class=\"game-result__score-result game-result__score-result--winner\">\n\t\t\t\t\t\t\t\t\t5\t\t\t\t\t\t\t\t<\/span>\n\t\t\t\t\t\t\t\t<!-- 2nd Team \/ End -->\n\n\t\t\t\t\t\t\n\t\t\t\t\t\t<\/div>\n\n\t\t\t\t\t\t<div class=\"game-result__score-label\">\n\t\t\t\t\t\t\tFinal Score\t\t\t\t\t\t<\/div>\n\n\t\t\t\t\t<\/div>\n\t\t\t\t\t<!-- Game Score \/ End -->\n\n\t\t\t\t<\/div>\n\t\t\t\t<!-- Team Logos + Game Result \/ End -->\n\t\t\t<\/section>\n\n\t\t<\/div>\n\t\t<!-- Game Result \/ End -->\n\t<\/div>\n<\/div>\n<\/div><div class=\"sp-section-content sp-section-content-content\"><\/div><div class=\"sp-section-content sp-section-content-video\">\n<\/div><div class=\"sp-section-content sp-section-content-performance\">\t\t<div class=\"sp-event-performance-tables sp-event-performance-teams\">\n\t\t\t<div class=\"card card--has-table sp-template sp-template-event-performance sp-template-event-performance-icons\">\n\t\t\t<header class=\"card__header\">\n\t\t\t<h4 class=\"sp-table-caption\">Wiara Lecha<\/h4>\n\t\t<\/header>\n\t\t<div class=\"card__content\">\n\t\t<div class=\"sp-table-wrapper\">\n\t\t\t<div class=\"table-responsive\">\n\t\t\t\t<table class=\"table sp-event-performance sp-data-table\n\t\t\t\t\">\n\t\t\t\t\t<thead>\n\t\t\t\t\t\t<tr>\n\t\t\t\t\t\t\t\t\t\t\t\t\t<\/tr>\n\t\t\t\t\t<\/thead>\n\t\t\t\t\t\t\t\t\t\t\t<tbody>\n\t\t\t\t\t\t\t<tr class=\"lineup odd\"><td class=\"data-number\" data-label=\"#\">9<\/td><td class=\"data-name\" data-label=\"Player\"><a href=\"https:\/\/www.wiaralecha.pl\/index.php\/player\/dominik-solecki\/\">Dominik Solecki<\/a> <small class=\"sp-player-position\">Pomocnik<\/small><\/td><td class=\"sp-performance-icons\"><\/td><\/tr><tr class=\"lineup even\"><td class=\"data-number\" data-label=\"#\">18<\/td><td class=\"data-name\" data-label=\"Player\"><a href=\"https:\/\/www.wiaralecha.pl\/index.php\/player\/marek-kusnir\/\">Marek Ku\u015bnir<\/a> <small class=\"sp-player-position\">Bramkarz<\/small><\/td><td class=\"sp-performance-icons\"><\/td><\/tr><tr class=\"lineup odd\"><td class=\"data-number\" data-label=\"#\">19<\/td><td class=\"data-name\" data-label=\"Player\"><a href=\"https:\/\/www.wiaralecha.pl\/index.php\/player\/uriel-cepeda\/\">Uriel Cepeda<\/a> <small class=\"sp-player-position\">Napastnik<\/small><\/td><td class=\"sp-performance-icons\"><i class=\"sp-icon-soccerball\" title=\"Bramka\" style=\"color:#222222 !important\"><\/i> 6', 22', 24'<br><\/td><\/tr><tr class=\"lineup even\"><td class=\"data-number\" data-label=\"#\">22<\/td><td class=\"data-name\" data-label=\"Player\"><a href=\"https:\/\/www.wiaralecha.pl\/index.php\/player\/kacper-korytny\/\">Kacper Korytny<\/a> <small class=\"sp-player-position\">Pomocnik<\/small><\/td><td class=\"sp-performance-icons\"><\/td><\/tr><tr class=\"lineup odd\"><td class=\"data-number\" data-label=\"#\">25<\/td><td class=\"data-name\" data-label=\"Player\"><a href=\"https:\/\/www.wiaralecha.pl\/index.php\/player\/martin-solzi\/\">Martin Solzi<\/a> <small class=\"sp-player-position\">Obro\u0144ca<\/small><\/td><td class=\"sp-performance-icons\"><i class=\"sp-icon-shoe\" title=\"asysty\" style=\"color:#222222 !important\"><\/i> <\/td><\/tr><tr class=\"lineup even\"><td class=\"data-number\" data-label=\"#\">28<\/td><td class=\"data-name\" data-label=\"Player\"><a href=\"https:\/\/www.wiaralecha.pl\/index.php\/player\/jakub-kozlowski\/\">Jakub Koz\u0142owski<\/a> <small class=\"sp-player-position\">Napastnik<\/small><\/td><td class=\"sp-performance-icons\"><i class=\"sp-icon-soccerball\" title=\"Bramka\" style=\"color:#222222 !important\"><\/i> 33'<br><\/td><\/tr><tr class=\"lineup odd\"><td class=\"data-number\" data-label=\"#\">88<\/td><td class=\"data-name\" data-label=\"Player\"><a href=\"https:\/\/www.wiaralecha.pl\/index.php\/player\/daniel-ozuna\/\">Daniel Ozuna<\/a> <small class=\"sp-player-position\">Napastnik<\/small><\/td><td class=\"sp-performance-icons\"><i class=\"sp-icon-soccerball\" title=\"Bramka\" style=\"color:#222222 !important\"><\/i> 39'<br><i class=\"sp-icon-shoe\" title=\"asysty\" style=\"color:#222222 !important\"><\/i> <\/td><\/tr><tr class=\"lineup even\"><td class=\"data-number\" data-label=\"#\">90<\/td><td class=\"data-name\" data-label=\"Player\"><a href=\"https:\/\/www.wiaralecha.pl\/index.php\/player\/michal-niedzwiedzki\/\">Micha\u0142 Nied\u017awiedzki<\/a> <small class=\"sp-player-position\">Napastnik<\/small><\/td><td class=\"sp-performance-icons\"><\/td><\/tr><tr class=\"lineup odd\"><td class=\"data-number\" data-label=\"#\">92<\/td><td class=\"data-name\" data-label=\"Player\"><a href=\"https:\/\/www.wiaralecha.pl\/index.php\/player\/piotr-rykaczewski\/\">Piotr Rykaczewski<\/a> <small class=\"sp-player-position\">Napastnik<\/small><\/td><td class=\"sp-performance-icons\"><\/td><\/tr><tr class=\"lineup even\"><td class=\"data-number\" data-label=\"#\">93<\/td><td class=\"data-name\" data-label=\"Player\"><a href=\"https:\/\/www.wiaralecha.pl\/index.php\/player\/spyridon-papakostas\/\">Spyridon Papakostas<\/a> <small class=\"sp-player-position\">Obro\u0144ca<\/small><\/td><td class=\"sp-performance-icons\"><i class=\"sp-icon-shoe\" title=\"asysty\" style=\"color:#222222 !important\"><\/i> <i class=\"sp-icon-shoe\" title=\"asysty\" style=\"color:#222222 !important\"><\/i> <\/td><\/tr><tr class=\"lineup odd\"><td class=\"data-number\" data-label=\"#\">10<\/td><td class=\"data-name\" data-label=\"Player\"><a href=\"https:\/\/www.wiaralecha.pl\/index.php\/player\/kacper-zydorczyk\/\">Kacper Zydorczyk<\/a> <small class=\"sp-player-position\">Napastnik<\/small><\/td><td class=\"sp-performance-icons\"><\/td><\/tr><tr class=\"lineup even\"><td class=\"data-number\" data-label=\"#\">15<\/td><td class=\"data-name\" data-label=\"Player\"><a href=\"https:\/\/www.wiaralecha.pl\/index.php\/player\/lukasz-blaszczyk\/\">\u0141ukasz B\u0142aszczyk<\/a> <small class=\"sp-player-position\">Bramkarz<\/small><\/td><td class=\"sp-performance-icons\"><\/td><\/tr>\t\t\t\t\t\t<\/tbody>\n\t\t\t\t\t\t\t\t\t\t\t\t\t\t<\/table>\n\n\t\t\t<\/div>\n\t\t<\/div>\n\t<\/div>\n\t<\/div>\t\t<\/div><!-- .sp-event-performance-tables -->\n\t\t<\/div><div class=\"sp-section-content sp-section-content-past_meetings\"><\/div><div class=\"sp-section-content sp-section-content-timeline\"><div class=\"sp-template sp-template-timeline sp-template-event-timeline card\">\n\t<header class=\"card__header\">\n\t\t<h4>Game Timeline<\/h4>\n\t<\/header>\n\t<div class=\"card__content\">\n\n\t\t\n<!-- Timeline -->\n<div class=\"game-timeline-wrapper game-timeline-wrapper--horizontal\">\n\n\t<div class=\"game-timeline-teams\">\n\t\t\t\t\t\t\t\t\t<div class=\"game-timeline__event game-timeline__event--kickoff game-timeline__event--side-home\" title=\"Kick Off\">\n\t\t\t\t\t\t\t\t\t\t\t\t\t\t\t\t\t\t<span class=\"game-timeline__team-logo\" title=\"Wiara Lecha\"><img loading=\"lazy\" decoding=\"async\" width=\"84\" height=\"128\" src=\"https:\/\/www.wiaralecha.pl\/wp-content\/uploads\/2020\/07\/b8o8y1-84x128.png\" class=\"attachment-sportspress-fit-icon size-sportspress-fit-icon wp-post-image\" alt=\"\" \/><\/span>\n\t\t\t\t\t\t\t\t\t\t\t\t\t\t\t\t<div class=\"game-timeline__time game-timeline__time--kickoff game-timeline__time--kickoff-home\">KO<\/div>\n\t\t\t\t<\/div>\n\t\t\t\n\t\t\t\t\t\n\t\t\t\t\t\n\t\t\t\t\t\n\t\t\t\t\t\n\t\t\t\t\t\n\t\t\t<\/div>\n\n\t<div class=\"game-timeline\">\n\n\t\t\t\t\t\n\t\t\t\t\t\t\t\t\t<div class=\"game-timeline__event game-timeline__event--side-home\" style=\"left: 13%\">\n\t\t\t\t\t<div class=\"game-timeline__event-info game-timeline__event-info--side-home\">\n\t\t\t\t\t\t<div class=\"game-timeline__event-name\">19. Uriel Cepeda<\/div>\n\t\t\t\t\t\t<div class=\"game-timeline__icon game-timeline__icon--home\">\n\t\t\t\t\t\t\t<i class=\"sp-icon-soccerball\" title=\"Bramka\" style=\"color:#222222 !important\"><\/i> \t\t\t\t\t\t<\/div>\n\t\t\t\t\t<\/div>\n\t\t\t\t\t<div class=\"game-timeline__time\" data-toggle=\"tooltip\" data-placement=\"top\" title=\"19. Uriel Cepeda\">6'<\/div>\n\t\t\t\t<\/div>\n\t\t\t\n\t\t\t\t\t\t\t\t\t<div class=\"game-timeline__event game-timeline__event--side-home\" style=\"left: 50%\">\n\t\t\t\t\t<div class=\"game-timeline__event-info game-timeline__event-info--side-home\">\n\t\t\t\t\t\t<div class=\"game-timeline__event-name\">19. Uriel Cepeda<\/div>\n\t\t\t\t\t\t<div class=\"game-timeline__icon game-timeline__icon--home\">\n\t\t\t\t\t\t\t<i class=\"sp-icon-soccerball\" title=\"Bramka\" style=\"color:#222222 !important\"><\/i> \t\t\t\t\t\t<\/div>\n\t\t\t\t\t<\/div>\n\t\t\t\t\t<div class=\"game-timeline__time\" data-toggle=\"tooltip\" data-placement=\"top\" title=\"19. Uriel Cepeda\">22'<\/div>\n\t\t\t\t<\/div>\n\t\t\t\n\t\t\t\t\t\t\t\t\t<div class=\"game-timeline__event game-timeline__event--side-home\" style=\"left: 54%\">\n\t\t\t\t\t<div class=\"game-timeline__event-info game-timeline__event-info--side-home\">\n\t\t\t\t\t\t<div class=\"game-timeline__event-name\">19. Uriel Cepeda<\/div>\n\t\t\t\t\t\t<div class=\"game-timeline__icon game-timeline__icon--home\">\n\t\t\t\t\t\t\t<i class=\"sp-icon-soccerball\" title=\"Bramka\" style=\"color:#222222 !important\"><\/i> \t\t\t\t\t\t<\/div>\n\t\t\t\t\t<\/div>\n\t\t\t\t\t<div class=\"game-timeline__time\" data-toggle=\"tooltip\" data-placement=\"top\" title=\"19. Uriel Cepeda\">24'<\/div>\n\t\t\t\t<\/div>\n\t\t\t\n\t\t\t\t\t\t\t\t\t<div class=\"game-timeline__event game-timeline__event--side-home\" style=\"left: 75%\">\n\t\t\t\t\t<div class=\"game-timeline__event-info game-timeline__event-info--side-home\">\n\t\t\t\t\t\t<div class=\"game-timeline__event-name\">28. Jakub Koz\u0142owski<\/div>\n\t\t\t\t\t\t<div class=\"game-timeline__icon game-timeline__icon--home\">\n\t\t\t\t\t\t\t<i class=\"sp-icon-soccerball\" title=\"Bramka\" style=\"color:#222222 !important\"><\/i> \t\t\t\t\t\t<\/div>\n\t\t\t\t\t<\/div>\n\t\t\t\t\t<div class=\"game-timeline__time\" data-toggle=\"tooltip\" data-placement=\"top\" title=\"28. Jakub Koz\u0142owski\">33'<\/div>\n\t\t\t\t<\/div>\n\t\t\t\n\t\t\t\t\t\t\t\t\t<div class=\"game-timeline__event game-timeline__event--side-home\" style=\"left: 88%\">\n\t\t\t\t\t<div class=\"game-timeline__event-info game-timeline__event-info--side-home\">\n\t\t\t\t\t\t<div class=\"game-timeline__event-name\">88. Daniel Ozuna<\/div>\n\t\t\t\t\t\t<div class=\"game-timeline__icon game-timeline__icon--home\">\n\t\t\t\t\t\t\t<i class=\"sp-icon-soccerball\" title=\"Bramka\" style=\"color:#222222 !important\"><\/i> \t\t\t\t\t\t<\/div>\n\t\t\t\t\t<\/div>\n\t\t\t\t\t<div class=\"game-timeline__time\" data-toggle=\"tooltip\" data-placement=\"top\" title=\"88. Daniel Ozuna\">39'<\/div>\n\t\t\t\t<\/div>\n\t\t\t\n\t\t\n\t<\/div>\n\n\t<div class=\"game-timeline-ft\">\n\t\t<div class=\"game-timeline__event game-timeline__event--ft\" title=\"Full Time\">\n\t\t\t<div class=\"game-timeline__time\">FT<\/div>\n\t\t<\/div>\n\t<\/div>\n\n<\/div>\n<!-- Timeline \/ End -->\n\n\t<\/div>\n<\/div>\n<\/div><div class=\"sp-section-content sp-section-content-venue\"><\/div><div class=\"sp-section-content sp-section-content-details\"><div class=\"card card--has-table sp-template sp-template-event-details\">\n\t<header class=\"card__header\">\n\t\t<h4 class=\"sp-table-caption\">Details<\/h4>\n\t<\/header>\n\t<div class=\"sp-table-wrapper\">\n\t\t<div class=\"table-responsive\">\n\t\t\t<table class=\"table sp-event-details sp-data-table sp-scrollable-table\">\n\t\t\t\t<thead>\n\t\t\t\t\t<tr>\n\t\t\t\t\t\t\t\t\t\t\t\t\t<th>Date<\/th>\n\t\t\t\t\t\t\t\t\t\t\t\t\t<th>Time<\/th>\n\t\t\t\t\t\t\t\t\t\t\t\t\t<th>Liga<\/th>\n\t\t\t\t\t\t\t\t\t\t\t\t\t<th>Sezon<\/th>\n\t\t\t\t\t\t\t\t\t\t\t\t\t<th>Match Day<\/th>\n\t\t\t\t\t\t\t\t\t\t\t<\/tr>\n\t\t\t\t<\/thead>\n\t\t\t\t<tbody>\n\t\t\t\t\t<tr class=\"odd\">\n\t\t\t\t\t\t\t\t\t\t\t\t\t<td>18 stycznia 2026<\/td>\n\t\t\t\t\t\t\t\t\t\t\t\t\t<td>16:00<\/td>\n\t\t\t\t\t\t\t\t\t\t\t\t\t<td>I Liga Futsalu<\/td>\n\t\t\t\t\t\t\t\t\t\t\t\t\t<td>2025\/2026<\/td>\n\t\t\t\t\t\t\t\t\t\t\t\t\t<td>12<\/td>\n\t\t\t\t\t\t\t\t\t\t\t<\/tr>\n\t\t\t\t<\/tbody>\n\t\t\t<\/table>\n\t\t<\/div>\n\t<\/div>\n<\/div>\n<\/div><div class=\"sp-section-content sp-section-content-excerpt\"><\/div><\/div>\n","protected":false},"excerpt":{"rendered":"<p>W 12. kolejce I ligi futsalu Wiara Lecha pokona\u0142a KS Gniezno 5:2. Zwyci\u0119stwo w derbach Wielkopolski zapewni\u0142y Niebiesko-Bia\u0142ym trzy gole Uriela Cepedy oraz trafienia Jakuba Koz\u0142owskiego i Daniela Ozuny.<\/p>\n","protected":false},"author":2,"featured_media":17355,"comment_status":"closed","ping_status":"closed","sticky":false,"template":"","format":"standard","meta":{"_acf_changed":false,"_jetpack_memberships_contains_paid_content":false,"footnotes":""},"categories":[118],"tags":[],"class_list":["post-17354","post","type-post","status-publish","format-standard","has-post-thumbnail","hentry","category-futsal"],"acf":[],"jetpack_featured_media_url":"https:\/\/www.wiaralecha.pl\/wp-content\/uploads\/2026\/01\/FWLKSG_relacja.png","jetpack_sharing_enabled":true,"_links":{"self":[{"href":"https:\/\/www.wiaralecha.pl\/index.php\/wp-json\/wp\/v2\/posts\/17354","targetHints":{"allow":["GET"]}}],"collection":[{"href":"https:\/\/www.wiaralecha.pl\/index.php\/wp-json\/wp\/v2\/posts"}],"about":[{"href":"https:\/\/www.wiaralecha.pl\/index.php\/wp-json\/wp\/v2\/types\/post"}],"author":[{"embeddable":true,"href":"https:\/\/www.wiaralecha.pl\/index.php\/wp-json\/wp\/v2\/users\/2"}],"replies":[{"embeddable":true,"href":"https:\/\/www.wiaralecha.pl\/index.php\/wp-json\/wp\/v2\/comments?post=17354"}],"version-history":[{"count":2,"href":"https:\/\/www.wiaralecha.pl\/index.php\/wp-json\/wp\/v2\/posts\/17354\/revisions"}],"predecessor-version":[{"id":17365,"href":"https:\/\/www.wiaralecha.pl\/index.php\/wp-json\/wp\/v2\/posts\/17354\/revisions\/17365"}],"wp:featuredmedia":[{"embeddable":true,"href":"https:\/\/www.wiaralecha.pl\/index.php\/wp-json\/wp\/v2\/media\/17355"}],"wp:attachment":[{"href":"https:\/\/www.wiaralecha.pl\/index.php\/wp-json\/wp\/v2\/media?parent=17354"}],"wp:term":[{"taxonomy":"category","embeddable":true,"href":"https:\/\/www.wiaralecha.pl\/index.php\/wp-json\/wp\/v2\/categories?post=17354"},{"taxonomy":"post_tag","embeddable":true,"href":"https:\/\/www.wiaralecha.pl\/index.php\/wp-json\/wp\/v2\/tags?post=17354"}],"curies":[{"name":"wp","href":"https:\/\/api.w.org\/{rel}","templated":true}]}}