{"id":17728,"date":"2026-03-04T11:49:07","date_gmt":"2026-03-04T10:49:07","guid":{"rendered":"https:\/\/www.wiaralecha.pl\/?p=17728"},"modified":"2026-03-04T11:49:08","modified_gmt":"2026-03-04T10:49:08","slug":"w-1-8-finalu-z-pogonia-nowe-skalmierzyce","status":"publish","type":"post","link":"https:\/\/www.wiaralecha.pl\/index.php\/2026\/03\/04\/w-1-8-finalu-z-pogonia-nowe-skalmierzyce\/","title":{"rendered":"W 1\/8 fina\u0142u z Pogoni\u0105 Nowe Skalmierzyce"},"content":{"rendered":"\n<h4 class=\"wp-block-heading\">Wiara Lecha po zwyci\u0119stwie nad Zefk\u0105 Kobyla G\u00f3ra awansowa\u0142a do 1\/8 fina\u0142u Pucharu Polski. O \u0107wier\u0107fina\u0142 Kibole zagraj\u0105 z Pogoni\u0105 Nowe Skalmierzyce.<\/h4>\n\n\n\n<p>Niebiesko-Biali trzeci raz z rz\u0119du wyst\u0105pi\u0105 na tym etapie rozgrywek. Poprzednie awanse mia\u0142y jednak zupe\u0142nie inny przebieg. Przed dwoma laty Lechici pokonali na wyje\u017adzie Lipno St\u0119szew po serii rzut\u00f3w karnych. W kolejnej edycji losowanie okaza\u0142o si\u0119 \u0142askawe &#8211; Kibole otrzymali wolny los.<\/p>\n\n\n\n<p>W walce o \u0107wier\u0107fina\u0142 podopieczni trenera Piotra So\u0142tysiaka zmierz\u0105 si\u0119 z Pogoni\u0105 Nowe Skalmierzyce, kt\u00f3ra wyeliminowa\u0142a ligowego rywala DWL &#8211; Poloni\u0119 Golina, zwyci\u0119\u017caj\u0105c 1:0. B\u0119dzie to drugi w historii rywal z trzeciej ligi. W poprzednich latach Wiara Lecha trzykrotnie mierzy\u0142a si\u0119 z zespo\u0142em z tego poziomu, lecz za ka\u017cdym razem by\u0142a to Polonia \u015aroda Wielkopolska. W sezonie 2016\/2017 Poloni\u015bci wygrali w \u0107wier\u0107finale okr\u0119gowego Pucharu Polski 2:1, rok p\u00f3\u017aniej &#8211; w 1\/8 fina\u0142u &#8211; 3:1, a przed dwunastoma miesi\u0105cami, w walce o 1\/4 wojew\u00f3dzkiego trofeum, pokonali Niebiesko-Bia\u0142ych 1:0.<\/p>\n\n\n\n<p>Mecz 1\/8 fina\u0142u pomi\u0119dzy Wiar\u0105 Lecha a Pogoni\u0105 Nowe Skalmierzyce odb\u0119dzie si\u0119 w Poznaniu w \u015brod\u0119, 25 marca o godzinie 19:45. Na zwyci\u0119zc\u0119 starcia na \u015ar\u00f3dce czeka\u0107 b\u0119dzie lepszy z pary Korona Piaski &#8211; Lech II Pozna\u0144. W przypadku awansu Kibole zagraj\u0105 na wyje\u017adzie, je\u015bli rywalem b\u0119dzie IV-ligowa Korona. Ewentualne derby z rezerwami Kolejorza odby\u0142yby si\u0119 przy Gda\u0144skiej.<\/p>\n\n\n\n<p><strong>Pary 1\/8 fina\u0142u Pucharu Polski na szczeblu wojew\u00f3dzkim <\/strong><\/p>\n\n\n\n<ul class=\"wp-block-list\">\n<li>LKS Go\u0142uch\u00f3w &#8211; Victoria Wrze\u015bnia <\/li>\n\n\n\n<li>K\u0142os Budzy\u0144 &#8211; Unia Swarz\u0119dz<\/li>\n\n\n\n<li>Orze\u0142 Kaw\u0119czyn &#8211; Kania Gosty\u0144<\/li>\n\n\n\n<li>Polonia Leszno &#8211; G\u00f3rnik Konin <\/li>\n\n\n\n<li>Polonia Chodzie\u017c &#8211; Polonia \u015aroda Wielkopolska <\/li>\n\n\n\n<li>Kotwica K\u00f3rnik &#8211; Obra Ko\u015bcian 1:2<\/li>\n\n\n\n<li>Korona Piaski &#8211; Lech II Pozna\u0144 <\/li>\n\n\n\n<li><strong>Wiara Lecha &#8211; Pogo\u0144 Nowe Skalmierzyce<\/strong><\/li>\n<\/ul>\n","protected":false},"excerpt":{"rendered":"<p>Wiara Lecha po zwyci\u0119stwie nad Zefk\u0105 Kobyla G\u00f3ra awansowa\u0142a do 1\/8 fina\u0142u Pucharu Polski. O \u0107wier\u0107fina\u0142 Kibole zagraj\u0105 z Pogoni\u0105 Nowe Skalmierzyce.<\/p>\n","protected":false},"author":2,"featured_media":17743,"comment_status":"closed","ping_status":"closed","sticky":false,"template":"","format":"standard","meta":{"_acf_changed":false,"_jetpack_memberships_contains_paid_content":false,"footnotes":""},"categories":[87],"tags":[],"class_list":["post-17728","post","type-post","status-publish","format-standard","has-post-thumbnail","hentry","category-puchar-polski"],"acf":[],"jetpack_featured_media_url":"https:\/\/www.wiaralecha.pl\/wp-content\/uploads\/2026\/03\/Puchar_rywal_18.png","jetpack_sharing_enabled":true,"_links":{"self":[{"href":"https:\/\/www.wiaralecha.pl\/index.php\/wp-json\/wp\/v2\/posts\/17728","targetHints":{"allow":["GET"]}}],"collection":[{"href":"https:\/\/www.wiaralecha.pl\/index.php\/wp-json\/wp\/v2\/posts"}],"about":[{"href":"https:\/\/www.wiaralecha.pl\/index.php\/wp-json\/wp\/v2\/types\/post"}],"author":[{"embeddable":true,"href":"https:\/\/www.wiaralecha.pl\/index.php\/wp-json\/wp\/v2\/users\/2"}],"replies":[{"embeddable":true,"href":"https:\/\/www.wiaralecha.pl\/index.php\/wp-json\/wp\/v2\/comments?post=17728"}],"version-history":[{"count":2,"href":"https:\/\/www.wiaralecha.pl\/index.php\/wp-json\/wp\/v2\/posts\/17728\/revisions"}],"predecessor-version":[{"id":17739,"href":"https:\/\/www.wiaralecha.pl\/index.php\/wp-json\/wp\/v2\/posts\/17728\/revisions\/17739"}],"wp:featuredmedia":[{"embeddable":true,"href":"https:\/\/www.wiaralecha.pl\/index.php\/wp-json\/wp\/v2\/media\/17743"}],"wp:attachment":[{"href":"https:\/\/www.wiaralecha.pl\/index.php\/wp-json\/wp\/v2\/media?parent=17728"}],"wp:term":[{"taxonomy":"category","embeddable":true,"href":"https:\/\/www.wiaralecha.pl\/index.php\/wp-json\/wp\/v2\/categories?post=17728"},{"taxonomy":"post_tag","embeddable":true,"href":"https:\/\/www.wiaralecha.pl\/index.php\/wp-json\/wp\/v2\/tags?post=17728"}],"curies":[{"name":"wp","href":"https:\/\/api.w.org\/{rel}","templated":true}]}}