{"id":17737,"date":"2026-03-04T11:48:43","date_gmt":"2026-03-04T10:48:43","guid":{"rendered":"https:\/\/www.wiaralecha.pl\/?p=17737"},"modified":"2026-03-04T11:48:45","modified_gmt":"2026-03-04T10:48:45","slug":"jakub-rejniak-zadebiutowal-w-wiarze-lecha","status":"publish","type":"post","link":"https:\/\/www.wiaralecha.pl\/index.php\/2026\/03\/04\/jakub-rejniak-zadebiutowal-w-wiarze-lecha\/","title":{"rendered":"Jakub Rejniak zadebiutowa\u0142 w Wiarze Lecha"},"content":{"rendered":"\n<h4 class=\"wp-block-heading\"><strong>Pierwszy wiosenny mecz Wiary Lecha by\u0142 wyj\u0105tkowy dla Jakuba Rejniaka. Nowy nabytek zadebiutowa\u0142 w niebiesko-bia\u0142ych barwach.<\/strong><\/h4>\n\n\n\n<p>21-latek wyszed\u0142 na pucharowy pojedynek z Zefk\u0105 Kobyla G\u00f3ra w podstawowym sk\u0142adzie i rozegra\u0142 pe\u0142ne 90 minut. Sw\u00f3j debiut w DWL okrasi\u0142 asyst\u0105 &#8211; w 45. minucie po jego do\u015brodkowaniu z rzutu ro\u017cnego pi\u0142k\u0119 do siatki skierowa\u0142 Dawid Wi\u015bniewski.<\/p>\n\n\n\n<p>Rejniak zosta\u0142 149. zawodnikiem, kt\u00f3ry zagra\u0142 w Wiarze Lecha.<\/p>\n","protected":false},"excerpt":{"rendered":"<p>Pierwszy wiosenny mecz Wiary Lecha by\u0142 wyj\u0105tkowy dla Jakuba Rejniaka. Nowy nabytek zadebiutowa\u0142 w niebiesko-bia\u0142ych barwach.<\/p>\n","protected":false},"author":2,"featured_media":17742,"comment_status":"closed","ping_status":"closed","sticky":false,"template":"","format":"standard","meta":{"_acf_changed":false,"_jetpack_memberships_contains_paid_content":false,"footnotes":""},"categories":[16],"tags":[],"class_list":["post-17737","post","type-post","status-publish","format-standard","has-post-thumbnail","hentry","category-pierwszy-zespol"],"acf":[],"jetpack_featured_media_url":"https:\/\/www.wiaralecha.pl\/wp-content\/uploads\/2026\/03\/Rejniak_debiut.png","jetpack_sharing_enabled":true,"_links":{"self":[{"href":"https:\/\/www.wiaralecha.pl\/index.php\/wp-json\/wp\/v2\/posts\/17737","targetHints":{"allow":["GET"]}}],"collection":[{"href":"https:\/\/www.wiaralecha.pl\/index.php\/wp-json\/wp\/v2\/posts"}],"about":[{"href":"https:\/\/www.wiaralecha.pl\/index.php\/wp-json\/wp\/v2\/types\/post"}],"author":[{"embeddable":true,"href":"https:\/\/www.wiaralecha.pl\/index.php\/wp-json\/wp\/v2\/users\/2"}],"replies":[{"embeddable":true,"href":"https:\/\/www.wiaralecha.pl\/index.php\/wp-json\/wp\/v2\/comments?post=17737"}],"version-history":[{"count":1,"href":"https:\/\/www.wiaralecha.pl\/index.php\/wp-json\/wp\/v2\/posts\/17737\/revisions"}],"predecessor-version":[{"id":17738,"href":"https:\/\/www.wiaralecha.pl\/index.php\/wp-json\/wp\/v2\/posts\/17737\/revisions\/17738"}],"wp:featuredmedia":[{"embeddable":true,"href":"https:\/\/www.wiaralecha.pl\/index.php\/wp-json\/wp\/v2\/media\/17742"}],"wp:attachment":[{"href":"https:\/\/www.wiaralecha.pl\/index.php\/wp-json\/wp\/v2\/media?parent=17737"}],"wp:term":[{"taxonomy":"category","embeddable":true,"href":"https:\/\/www.wiaralecha.pl\/index.php\/wp-json\/wp\/v2\/categories?post=17737"},{"taxonomy":"post_tag","embeddable":true,"href":"https:\/\/www.wiaralecha.pl\/index.php\/wp-json\/wp\/v2\/tags?post=17737"}],"curies":[{"name":"wp","href":"https:\/\/api.w.org\/{rel}","templated":true}]}}