{"id":17740,"date":"2026-03-04T11:48:35","date_gmt":"2026-03-04T10:48:35","guid":{"rendered":"https:\/\/www.wiaralecha.pl\/?p=17740"},"modified":"2026-03-04T11:48:38","modified_gmt":"2026-03-04T10:48:38","slug":"trener-piotr-soltysiak-piatym-trenerem-wiary-lecha-z-debiutem","status":"publish","type":"post","link":"https:\/\/www.wiaralecha.pl\/index.php\/2026\/03\/04\/trener-piotr-soltysiak-piatym-trenerem-wiary-lecha-z-debiutem\/","title":{"rendered":"Trener Piotr So\u0142tysiak pi\u0105tym trenerem Wiary Lecha z debiutem"},"content":{"rendered":"\n<h4 class=\"wp-block-heading\"><strong>Piotr So\u0142tysiak zadebiutowa\u0142 na \u0142awce trenerskiej Wiary Lecha. Zosta\u0142 pi\u0105tym szkoleniowcem, kt\u00f3ry w roli pierwszego trenera prowadzi\u0142 DWL w oficjalnym meczu. Na pocz\u0105tek przygody z Niebiesko-Bia\u0142ymi jego dru\u017cyna wygra\u0142a z Zefk\u0105 Kobyla G\u00f3ra 2:1 i awansowa\u0142a do 1\/8 fina\u0142u wielkopolskiego Pucharu Polski.<\/strong><\/h4>\n\n\n\n<p>W 15-letniej historii Wiary Lecha zesp\u00f3\u0142 prowadzi\u0142o pi\u0119ciu trener\u00f3w. Zdarza\u0142y si\u0119 r\u00f3wnie\u017c epizodyczne wyst\u0119py na \u0142awce. Pierwszym szkoleniowcem Lechit\u00f3w zosta\u0142 Dariusz Kusto\u0144. Jego debiut \u2013 31 sierpnia 2011 roku \u2013 wypad\u0142 okazale. W II rundzie okr\u0119gowego Pucharu Polski DWL pokona\u0142a Bol\u0119 Pozna\u0144 6:0.<\/p>\n\n\n\n<p>Kusto\u0144 by\u0142 tak\u017ce pierwszym trenerem, kt\u00f3ry poprowadzi\u0142 Wiar\u0119 Lecha w meczu ligowym. Rok po inauguracyjnym wyst\u0119pie w Pucharze Polski Kibole wygrali u siebie z SKS 13 Pozna\u0144 3:1. Jedn\u0105 z bramek zdoby\u0142 obecny zawodnik Niebiesko-Bia\u0142ych \u2013 Krzysztof Szenfeld. Kusto\u0144 prowadzi\u0142 zesp\u00f3\u0142 do listopada 2015 roku, wywalczaj\u0105c w tym czasie awans do A-klasy oraz Klasy Okr\u0119gowej. \u0141\u0105cznie poprowadzi\u0142 dru\u017cyn\u0119 w 97 meczach. Co ciekawe, w tamtym okresie Lechici rozegrali 100 spotka\u0144 \u2013 dwa zako\u0144czy\u0142y si\u0119 walkowerami, a w jednym na \u0142awce zabrak\u0142o trenera.<\/p>\n\n\n\n<p>Drugim szkoleniowcem zosta\u0142 Jaros\u0142aw Wr\u00f3blewski. Przy Gda\u0144skiej pracowa\u0142 ponad pi\u0119\u0107 lat \u2013 do wrze\u015bnia 2020 roku. W debiucie pokona\u0142 Piasta Kobylnica 2:0. Najwi\u0119kszymi sukcesami jego kadencji by\u0142y awans do V ligi (z trzecim miejscem w pierwszym sezonie) oraz \u0107wier\u0107fina\u0142 okr\u0119gowego Pucharu Polski. Dru\u017cyn\u0119 kibic\u00f3w Kolejorza prowadzi\u0142 w 129 meczach.<\/p>\n\n\n\n<p>W trakcie pracy Wr\u00f3blewskiego w trzech spotkaniach zesp\u00f3\u0142 prowadzi\u0142 Jaros\u0142aw Araszkiewicz. Legenda Lecha Pozna\u0144 zadebiutowa\u0142a w historycznym, pierwszym meczu Kiboli w V lidze. Spotkanie z Akademi\u0105 Reissa zako\u0144czy\u0142o si\u0119 pora\u017ck\u0105 3:4. Araszkiewicz w jednym meczu wspiera\u0142 r\u00f3wnie\u017c kolejnego trenera \u2013 \u0141ukasza Kubiaka, kt\u00f3rego pi\u0119\u0107 lat p\u00f3\u017aniej zast\u0105pi\u0142 na stanowisku pierwszego szkoleniowca.<\/p>\n\n\n\n<p>Kubiak prowadzi\u0142 Wiar\u0119 Lecha od wrze\u015bnia 2020 do wrze\u015bnia 2025 roku. W ci\u0105gu pi\u0119ciu lat zasiad\u0142 na \u0142awce w 162 meczach. Doprowadzi\u0142 Kiboli do najwi\u0119kszego sukcesu w historii \u2013 awansu do IV ligi w sezonie 2022\/2023. Rok wcze\u015bniej wywalczy\u0142 wicemistrzostwo V ligi. Jego debiut przypad\u0142 na zwyci\u0119skie derby z Przemys\u0142awem Pozna\u0144 (4:2). W trakcie kadencji by\u0142 pi\u0119ciokrotnie zast\u0119powany \u2013 raz przez Araszkiewicza oraz dwukrotnie przez Macieja \u0141aszy\u0144skiego i Marcina Ruszkowskiego.<\/p>\n\n\n\n<p>Czwartym trenerem Wiary Lecha zosta\u0142 Araszkiewicz, kt\u00f3ry \u2013 licz\u0105c wcze\u015bniejsze zast\u0119pstwa \u2013 poprowadzi\u0142 Niebiesko-Bia\u0142ych w 14 meczach. Przej\u0105\u0142 dru\u017cyn\u0119 w trudnym momencie, gdy ta znajdowa\u0142a si\u0119 w strefie spadkowej. Obecnie Kibole zajmuj\u0105 miejsce nad kresk\u0105.<\/p>\n\n\n\n<p>Araszkiewicza na stanowisku pierwszego trenera zast\u0105pi\u0142 Piotr So\u0142tysiak. W debiucie wygra\u0142 z Zefk\u0105 Kobyla G\u00f3ra w 1\/16 fina\u0142u wielkopolskiego Pucharu Polski. Pierwszy ligowy sprawdzian czeka go ju\u017c w najbli\u017csz\u0105 niedziel\u0119, 8 marca. Tego dnia Lechici zmierz\u0105 si\u0119 u siebie z LKS-em Go\u0142uch\u00f3w.<\/p>\n","protected":false},"excerpt":{"rendered":"<p>Piotr So\u0142tysiak zadebiutowa\u0142 na \u0142awce trenerskiej Wiary Lecha. Zosta\u0142 pi\u0105tym szkoleniowcem, kt\u00f3ry w roli pierwszego trenera prowadzi\u0142 DWL w oficjalnym meczu. Na pocz\u0105tek przygody z Niebiesko-Bia\u0142ymi jego dru\u017cyna wygra\u0142a z Zefk\u0105 Kobyla G\u00f3ra 2:1 i awansowa\u0142a do 1\/8 fina\u0142u wielkopolskiego Pucharu Polski.<\/p>\n","protected":false},"author":2,"featured_media":17741,"comment_status":"closed","ping_status":"closed","sticky":false,"template":"","format":"standard","meta":{"_acf_changed":false,"_jetpack_memberships_contains_paid_content":false,"footnotes":""},"categories":[16],"tags":[],"class_list":["post-17740","post","type-post","status-publish","format-standard","has-post-thumbnail","hentry","category-pierwszy-zespol"],"acf":[],"jetpack_featured_media_url":"https:\/\/www.wiaralecha.pl\/wp-content\/uploads\/2026\/03\/Soltysiak_debiut.png","jetpack_sharing_enabled":true,"_links":{"self":[{"href":"https:\/\/www.wiaralecha.pl\/index.php\/wp-json\/wp\/v2\/posts\/17740","targetHints":{"allow":["GET"]}}],"collection":[{"href":"https:\/\/www.wiaralecha.pl\/index.php\/wp-json\/wp\/v2\/posts"}],"about":[{"href":"https:\/\/www.wiaralecha.pl\/index.php\/wp-json\/wp\/v2\/types\/post"}],"author":[{"embeddable":true,"href":"https:\/\/www.wiaralecha.pl\/index.php\/wp-json\/wp\/v2\/users\/2"}],"replies":[{"embeddable":true,"href":"https:\/\/www.wiaralecha.pl\/index.php\/wp-json\/wp\/v2\/comments?post=17740"}],"version-history":[{"count":1,"href":"https:\/\/www.wiaralecha.pl\/index.php\/wp-json\/wp\/v2\/posts\/17740\/revisions"}],"predecessor-version":[{"id":17744,"href":"https:\/\/www.wiaralecha.pl\/index.php\/wp-json\/wp\/v2\/posts\/17740\/revisions\/17744"}],"wp:featuredmedia":[{"embeddable":true,"href":"https:\/\/www.wiaralecha.pl\/index.php\/wp-json\/wp\/v2\/media\/17741"}],"wp:attachment":[{"href":"https:\/\/www.wiaralecha.pl\/index.php\/wp-json\/wp\/v2\/media?parent=17740"}],"wp:term":[{"taxonomy":"category","embeddable":true,"href":"https:\/\/www.wiaralecha.pl\/index.php\/wp-json\/wp\/v2\/categories?post=17740"},{"taxonomy":"post_tag","embeddable":true,"href":"https:\/\/www.wiaralecha.pl\/index.php\/wp-json\/wp\/v2\/tags?post=17740"}],"curies":[{"name":"wp","href":"https:\/\/api.w.org\/{rel}","templated":true}]}}