{"id":17747,"date":"2026-03-06T07:25:17","date_gmt":"2026-03-06T06:25:17","guid":{"rendered":"https:\/\/www.wiaralecha.pl\/?p=17747"},"modified":"2026-03-06T07:25:21","modified_gmt":"2026-03-06T06:25:21","slug":"futsal-mecz-sezonu-w-bialymstoku","status":"publish","type":"post","link":"https:\/\/www.wiaralecha.pl\/index.php\/2026\/03\/06\/futsal-mecz-sezonu-w-bialymstoku\/","title":{"rendered":"Futsal: Mecz sezonu w Bia\u0142ymstoku"},"content":{"rendered":"\n<h4 class=\"wp-block-heading\"><strong>Sekcja futsalu Wiary Lecha w najbli\u017csz\u0105 sobot\u0119 zagra po raz drugi w obecnym sezonie w Bia\u0142ymstoku. Lechit\u00f3w czeka mecz sezonu z Jagielloni\u0105. Pojedynek w ramach 17. kolejki I ligi zostanie rozegrany w sobot\u0119, 7 marca o godzinie 17.<\/strong><\/h4>\n\n\n\n<p>Spotkanie b\u0119dzie starciem dw\u00f3ch najlepszych zespo\u0142\u00f3w rozgrywek. Lideruj\u0105ca w tabeli Wiara Lecha zmierzy si\u0119 z wiceliderem z Bia\u0142egostoku. Poznaniacy maj\u0105 obecnie sze\u015b\u0107 punkt\u00f3w przewagi nad Jagielloni\u0105, lecz rozegrali o jedno spotkanie wi\u0119cej.<\/p>\n\n\n\n<p>Jesieni\u0105 w Poznaniu lepsi okazali si\u0119 Niebiesko-Biali, kt\u00f3rzy wygrali 3:2. W poprzednim sezonie rywalizacja obu dru\u017cyn r\u00f3wnie\u017c mia\u0142a du\u017ce znaczenie dla uk\u0142adu tabeli. Zar\u00f3wno Wiara Lecha, jak i Jagiellonia walczy\u0142y w\u00f3wczas o miejsce bara\u017cowe o Ekstraklas\u0119. Ostatecznie drug\u0105 pozycj\u0119 zaj\u0119li Lechici, kt\u00f3rzy w Bia\u0142ymstoku wygrali 8:2. W Poznaniu g\u00f3r\u0105 by\u0142a Jagiellonia, triumfuj\u0105c 3:1.<\/p>\n\n\n\n<p>Obecny sezon uk\u0142ada si\u0119 dla poznaniak\u00f3w znakomicie. Wiara Lecha pozostaje niepokonana &#8211; wygra\u0142a 15 spotka\u0144 i raz zremisowa\u0142a, a przed sobotnim starciem notuje seri\u0119 dziesi\u0119ciu zwyci\u0119stw z rz\u0119du. Bardzo dobr\u0105 pass\u0105 mo\u017ce pochwali\u0107 si\u0119 r\u00f3wnie\u017c Jagiellonia. Bia\u0142ostoczanie przegrali w tym sezonie tylko raz &#8211; w\u0142a\u015bnie z Wiar\u0105 Lecha &#8211; i do meczu z liderem r\u00f3wnie\u017c przyst\u0105pi\u0105 po dziesi\u0119ciu kolejnych wygranych.<\/p>\n\n\n\n<p>Mecz 17. kolejki I ligi futsalu Jagiellonia Bia\u0142ystok \u2013 Wiara Lecha odb\u0119dzie si\u0119 w sobot\u0119, 7 marca o godzinie 17.<\/p>\n","protected":false},"excerpt":{"rendered":"<p>Sekcja futsalu Wiary Lecha w najbli\u017csz\u0105 sobot\u0119 zagra po raz drugi w obecnym sezonie w Bia\u0142ymstoku. Lechit\u00f3w czeka mecz sezonu z Jagielloni\u0105. Pojedynek w ramach 17. kolejki I ligi zostanie rozegrany w sobot\u0119, 7 marca o godzinie 17.<\/p>\n","protected":false},"author":2,"featured_media":17773,"comment_status":"closed","ping_status":"closed","sticky":false,"template":"","format":"standard","meta":{"_acf_changed":false,"_jetpack_memberships_contains_paid_content":false,"footnotes":""},"categories":[118],"tags":[],"class_list":["post-17747","post","type-post","status-publish","format-standard","has-post-thumbnail","hentry","category-futsal"],"acf":[],"jetpack_featured_media_url":"https:\/\/www.wiaralecha.pl\/wp-content\/uploads\/2026\/03\/JAGFWL_zapowiedz.png","jetpack_sharing_enabled":true,"_links":{"self":[{"href":"https:\/\/www.wiaralecha.pl\/index.php\/wp-json\/wp\/v2\/posts\/17747","targetHints":{"allow":["GET"]}}],"collection":[{"href":"https:\/\/www.wiaralecha.pl\/index.php\/wp-json\/wp\/v2\/posts"}],"about":[{"href":"https:\/\/www.wiaralecha.pl\/index.php\/wp-json\/wp\/v2\/types\/post"}],"author":[{"embeddable":true,"href":"https:\/\/www.wiaralecha.pl\/index.php\/wp-json\/wp\/v2\/users\/2"}],"replies":[{"embeddable":true,"href":"https:\/\/www.wiaralecha.pl\/index.php\/wp-json\/wp\/v2\/comments?post=17747"}],"version-history":[{"count":2,"href":"https:\/\/www.wiaralecha.pl\/index.php\/wp-json\/wp\/v2\/posts\/17747\/revisions"}],"predecessor-version":[{"id":17774,"href":"https:\/\/www.wiaralecha.pl\/index.php\/wp-json\/wp\/v2\/posts\/17747\/revisions\/17774"}],"wp:featuredmedia":[{"embeddable":true,"href":"https:\/\/www.wiaralecha.pl\/index.php\/wp-json\/wp\/v2\/media\/17773"}],"wp:attachment":[{"href":"https:\/\/www.wiaralecha.pl\/index.php\/wp-json\/wp\/v2\/media?parent=17747"}],"wp:term":[{"taxonomy":"category","embeddable":true,"href":"https:\/\/www.wiaralecha.pl\/index.php\/wp-json\/wp\/v2\/categories?post=17747"},{"taxonomy":"post_tag","embeddable":true,"href":"https:\/\/www.wiaralecha.pl\/index.php\/wp-json\/wp\/v2\/tags?post=17747"}],"curies":[{"name":"wp","href":"https:\/\/api.w.org\/{rel}","templated":true}]}}