{"id":17751,"date":"2026-03-07T12:34:50","date_gmt":"2026-03-07T11:34:50","guid":{"rendered":"https:\/\/www.wiaralecha.pl\/?p=17751"},"modified":"2026-03-07T12:34:54","modified_gmt":"2026-03-07T11:34:54","slug":"koszykowka-mecz-o-wszystko-w-prudniku","status":"publish","type":"post","link":"https:\/\/www.wiaralecha.pl\/index.php\/2026\/03\/07\/koszykowka-mecz-o-wszystko-w-prudniku\/","title":{"rendered":"Koszyk\u00f3wka: Mecz o wszystko w Prudniku"},"content":{"rendered":"\n<h4 class=\"wp-block-heading\"><strong>W meczu 27. kolejki II ligi koszyk\u00f3wki Wiara Lecha zagra w Prudniku z miejscowym MKS-em. Spotkanie odb\u0119dzie si\u0119 w niedziel\u0119, 8 marca o godzinie 17:30.<\/strong><\/h4>\n\n\n\n<p>Poznaniacy zajmuj\u0105 obecnie 15. miejsce w tabeli z bilansem 5 zwyci\u0119stw i 20 pora\u017cek. Szczeg\u00f3lnie trudne s\u0105 dla nich mecze wyjazdowe &#8211; na obcych parkietach Lechici wygrali tylko raz w trzynastu spotkaniach. Jedyny triumf odnie\u015bli we Wroc\u0142awiu z najs\u0142absz\u0105 dru\u017cyn\u0105 ligi, Gimbasketem.<\/p>\n\n\n\n<p>MKS Prudnik plasuje si\u0119 na 11. miejscu z bilansem 8-17 i jest jednym z zespo\u0142\u00f3w, kt\u00f3re Wiara Lecha wci\u0105\u017c mo\u017ce jeszcze wyprzedzi\u0107 w ko\u0144cowej klasyfikacji. Niedzielne spotkanie ma dla Poznaniak\u00f3w ogromne znaczenie w kontek\u015bcie walki o utrzymanie &#8211; pora\u017cka praktycznie przekre\u015bli ich szanse na pozostanie w lidze.<\/p>\n\n\n\n<p>Zesp\u00f3\u0142 z Prudnika najlepiej punktuje na w\u0142asnym parkiecie, gdzie wygra\u0142 sze\u015b\u0107 z czternastu spotka\u0144. Do meczu z Wiar\u0105 Lecha przyst\u0105pi r\u00f3wnie\u017c w dobrych nastrojach po dw\u00f3ch kolejnych zwyci\u0119stwach &#8211; nad Basketem Gorz\u00f3w oraz rezerwami \u015al\u0105ska Wroc\u0142aw.<\/p>\n\n\n\n<p>Jesieni\u0105 w Poznaniu lepsi okazali si\u0119 koszykarze MKS-u, kt\u00f3rzy wygrali 76:72. By\u0142o to pierwsze w historii spotkanie obu zespo\u0142\u00f3w.<\/p>\n\n\n\n<p>Mecz 27. kolejki II ligi MKS Prudnik &#8211; Wiara Lecha zostanie rozegrany w niedziel\u0119, 8 marca o godzinie 17:30 w Prudniku w hali S\u00f3jka przy ulicy Podg\u00f3rnej.<\/p>\n","protected":false},"excerpt":{"rendered":"<p>W meczu 27. kolejki II ligi koszyk\u00f3wki Wiara Lecha zagra w Prudniku z miejscowym MKS-em. Spotkanie odb\u0119dzie si\u0119 w niedziel\u0119, 8 marca o godzinie 17:30.<\/p>\n","protected":false},"author":2,"featured_media":17777,"comment_status":"closed","ping_status":"closed","sticky":false,"template":"","format":"standard","meta":{"_acf_changed":false,"_jetpack_memberships_contains_paid_content":false,"footnotes":""},"categories":[101],"tags":[],"class_list":["post-17751","post","type-post","status-publish","format-standard","has-post-thumbnail","hentry","category-koszykowka"],"acf":[],"jetpack_featured_media_url":"https:\/\/www.wiaralecha.pl\/wp-content\/uploads\/2026\/03\/PRUKWL_zapowiedz.png","jetpack_sharing_enabled":true,"_links":{"self":[{"href":"https:\/\/www.wiaralecha.pl\/index.php\/wp-json\/wp\/v2\/posts\/17751","targetHints":{"allow":["GET"]}}],"collection":[{"href":"https:\/\/www.wiaralecha.pl\/index.php\/wp-json\/wp\/v2\/posts"}],"about":[{"href":"https:\/\/www.wiaralecha.pl\/index.php\/wp-json\/wp\/v2\/types\/post"}],"author":[{"embeddable":true,"href":"https:\/\/www.wiaralecha.pl\/index.php\/wp-json\/wp\/v2\/users\/2"}],"replies":[{"embeddable":true,"href":"https:\/\/www.wiaralecha.pl\/index.php\/wp-json\/wp\/v2\/comments?post=17751"}],"version-history":[{"count":2,"href":"https:\/\/www.wiaralecha.pl\/index.php\/wp-json\/wp\/v2\/posts\/17751\/revisions"}],"predecessor-version":[{"id":17778,"href":"https:\/\/www.wiaralecha.pl\/index.php\/wp-json\/wp\/v2\/posts\/17751\/revisions\/17778"}],"wp:featuredmedia":[{"embeddable":true,"href":"https:\/\/www.wiaralecha.pl\/index.php\/wp-json\/wp\/v2\/media\/17777"}],"wp:attachment":[{"href":"https:\/\/www.wiaralecha.pl\/index.php\/wp-json\/wp\/v2\/media?parent=17751"}],"wp:term":[{"taxonomy":"category","embeddable":true,"href":"https:\/\/www.wiaralecha.pl\/index.php\/wp-json\/wp\/v2\/categories?post=17751"},{"taxonomy":"post_tag","embeddable":true,"href":"https:\/\/www.wiaralecha.pl\/index.php\/wp-json\/wp\/v2\/tags?post=17751"}],"curies":[{"name":"wp","href":"https:\/\/api.w.org\/{rel}","templated":true}]}}