{"id":17753,"date":"2026-03-04T17:21:30","date_gmt":"2026-03-04T16:21:30","guid":{"rendered":"https:\/\/www.wiaralecha.pl\/?p=17753"},"modified":"2026-03-04T19:12:46","modified_gmt":"2026-03-04T18:12:46","slug":"trener-piotr-soltysiak-po-debiutanckim-zwyciestwie-w-naszej-grze-wciaz-jest-wiele-rzeczy-do-poprawy","status":"publish","type":"post","link":"https:\/\/www.wiaralecha.pl\/index.php\/2026\/03\/04\/trener-piotr-soltysiak-po-debiutanckim-zwyciestwie-w-naszej-grze-wciaz-jest-wiele-rzeczy-do-poprawy\/","title":{"rendered":"Trener Piotr So\u0142tysiak po debiutanckim zwyci\u0119stwie: W naszej grze wci\u0105\u017c jest wiele do poprawy"},"content":{"rendered":"\n<h4 class=\"wp-block-heading\"><strong>Zwyci\u0119stwo 2:1 z Zefk\u0105 Kobyla G\u00f3ra w debiucie trenerskim, awans do 1\/8 fina\u0142u Pucharu Polski i ju\u017c na horyzoncie starcie z trzecioligow\u0105 Pogoni\u0105 Nowe Skalmierzyce. Trener Piotr So\u0142tysiak &#8211; nowy szkoleniowiec Dru\u017cyny Wiary Lecha nie ukrywa zadowolenia z wyniku, ale jednocze\u015bnie tonuje nastroje. W rozmowie po meczu trener ocenia premierowy wyst\u0119p dru\u017cyny, analizuje kluczowe momenty spotkania oraz zapowiada, czego kibice mog\u0105 spodziewa\u0107 si\u0119 w zbli\u017caj\u0105cych si\u0119 meczach.<\/strong><\/h4>\n\n\n\n<p><strong>Zwyci\u0119\u017camy w trenera debiutanckim meczu 2:1 z Zefk\u0105 Kobyla G\u00f3ra po bramkach Dawida Wi\u015bniewskiego oraz Jakuba Stranza. Jak Trener ocenia pierwszy oficjalny dru\u017cyny pod Trenera wodz\u0105?<\/strong><\/p>\n\n\n\n<p><em><strong>Trener Piotr So\u0142tysiak:<\/strong> Na pewno je\u017celi chodzi o wynik, to mo\u017cemy by\u0107 zadowoleni, bo uda\u0142o si\u0119 wygra\u0107. To w meczu o stawk\u0119 jest najwa\u017cniejsze. W pierwszej po\u0142owie mieli\u015bmy kontrol\u0119 nad spotkaniem, cho\u0107 nie stworzyli\u015bmy zbyt wielu sytuacji. Dobrze operowali\u015bmy pi\u0142k\u0105, jednak tych okazji nie by\u0142o zbyt wiele. Tu\u017c przed przerw\u0105 zdobyli\u015bmy bramk\u0119 po sta\u0142ym fragmencie z rzutu ro\u017cnego i strzale g\u0142ow\u0105 Dawida Wi\u015bniewskiego. Druga po\u0142owa niestety nie by\u0142a ju\u017c dobra w naszym wykonaniu. Zbyt \u0142atwo oddali\u015bmy pole przeciwnikowi i to rywal dochodzi\u0142 cz\u0119\u015bciej do sytuacji oraz by\u0142 gro\u017aniejszy. Stracili\u015bmy kontrol\u0119 nad meczem i w wyniku tego Zefka strzeli\u0142a bramk\u0119 z rzutu karnego. Na szcz\u0119\u015bcie szybko odpowiedzieli\u015bmy po bardzo \u0142adnym uderzeniu z dystansu Jakuba Stranza. Ostatni kwadrans meczu pomimo naszego prowadzenia r\u00f3wnie\u017c nie wygl\u0105da\u0142 tak, jak sobie to zaplanowali\u015bmy. Niepotrzebnie by\u0142y nerwowe minuty, w kt\u00f3rych rywal pr\u00f3bowa\u0142 doprowadzi\u0107 do remisu, a wi\u0119c rzut\u00f3w karnych. Ostatecznie dowie\u017ali\u015bmy ten wynik do ko\u0144ca, z czego si\u0119 bardzo cieszymy. Mimo awansu wiemy jednak, \u017ce w naszej grze wci\u0105\u017c jest wiele rzeczy do poprawy.<\/em><\/p>\n\n\n\n<p><strong>Sobotnim zwyci\u0119stwem zapewnili\u015bmy sobie awans do 1\/8 fina\u0142u Pucharu Polski, w kt\u00f3rym podejmiemy trzecioligow\u0105 Pogo\u0144 Nowe Skalmierzyce. Jak Trener odbiera tego rywala?<\/strong><\/p>\n\n\n\n<p><em>Pojedynek z zespo\u0142em z Nowych Skalmierzyc, czyli dru\u017cyn\u0105 z trzeciej ligi zapowiada si\u0119 jako zdecydowanie najtrudniejsze wyzwanie. Postaramy si\u0119 jednak zrobi\u0107 wszystko, \u017ceby wyj\u015b\u0107 zwyci\u0119sko z tego pojedynku. Zagramy na naszym stadionie, kt\u00f3ry mam nadziej\u0119, \u017ce w najbli\u017cszych tygodniach zamienimy w prawdziw\u0105 twierdz\u0119. <\/em><\/p>\n\n\n\n<p><strong>W najbli\u017csz\u0105 niedziel\u0119 wracamy do walki o ligowe punkty. Jakie elementy gry b\u0119d\u0105 najbardziej istotne w domowym starciu z LKS-em Go\u0142uch\u00f3w?<\/strong><\/p>\n\n\n\n<p><em>Czeka nas starcie z bardzo solidnym i mocnym fizycznie przeciwnikiem. To zesp\u00f3\u0142, kt\u00f3ry zawsze gra\u0142 agresywn\u0105 i nieprzyjemn\u0105 pi\u0142k\u0119, ale tak\u017ce potrafi\u0142 ni\u0105 nie\u017ale operowa\u0107. Spodziewamy si\u0119 trudnego meczu. \u017beby wygra\u0107 to spotkanie na pewno b\u0119dziemy musieli zagra\u0107 zdecydowanie lepiej, ni\u017c w ostatnim meczu pucharowym z Zefk\u0105. Przede wszystkim musimy by\u0107 bardziej konkretni pod bramk\u0105 przeciwnika oraz odpowiednio zarz\u0105dza\u0107 tym meczem i by\u0107 w pe\u0142ni skoncentrowani w defensywie. Je\u015bli do\u0142o\u017cymy do tego jeszcze troch\u0119 agresji i zawzi\u0119cia, to osi\u0105gniemy upragnione zwyci\u0119stwo. <br><\/em><\/p>\n","protected":false},"excerpt":{"rendered":"<p>Zwyci\u0119stwo 2:1 z Zefk\u0105 Kobyla G\u00f3ra w debiucie trenerskim, awans do 1\/8 fina\u0142u Pucharu Polski i ju\u017c na horyzoncie starcie z trzecioligow\u0105 Pogoni\u0105 Nowe Skalmierzyce. Trener Piotr So\u0142tysiak &#8211; nowy szkoleniowiec Dru\u017cyny Wiary Lecha nie ukrywa zadowolenia z wyniku, ale jednocze\u015bnie tonuje nastroje. W rozmowie po meczu trener ocenia premierowy wyst\u0119p dru\u017cyny, analizuje kluczowe momenty spotkania oraz zapowiada, czego kibice mog\u0105 spodziewa\u0107 si\u0119 w zbli\u017caj\u0105cych si\u0119 meczach.<\/p>\n","protected":false},"author":5,"featured_media":17756,"comment_status":"closed","ping_status":"closed","sticky":false,"template":"","format":"standard","meta":{"_acf_changed":false,"_jetpack_memberships_contains_paid_content":false,"footnotes":""},"categories":[69],"tags":[],"class_list":["post-17753","post","type-post","status-publish","format-standard","has-post-thumbnail","hentry","category-wypowiedzi"],"acf":[],"jetpack_featured_media_url":"https:\/\/www.wiaralecha.pl\/wp-content\/uploads\/2026\/03\/648102785_1289495463227480_6727062000079806578_n.jpg","jetpack_sharing_enabled":true,"_links":{"self":[{"href":"https:\/\/www.wiaralecha.pl\/index.php\/wp-json\/wp\/v2\/posts\/17753","targetHints":{"allow":["GET"]}}],"collection":[{"href":"https:\/\/www.wiaralecha.pl\/index.php\/wp-json\/wp\/v2\/posts"}],"about":[{"href":"https:\/\/www.wiaralecha.pl\/index.php\/wp-json\/wp\/v2\/types\/post"}],"author":[{"embeddable":true,"href":"https:\/\/www.wiaralecha.pl\/index.php\/wp-json\/wp\/v2\/users\/5"}],"replies":[{"embeddable":true,"href":"https:\/\/www.wiaralecha.pl\/index.php\/wp-json\/wp\/v2\/comments?post=17753"}],"version-history":[{"count":4,"href":"https:\/\/www.wiaralecha.pl\/index.php\/wp-json\/wp\/v2\/posts\/17753\/revisions"}],"predecessor-version":[{"id":17765,"href":"https:\/\/www.wiaralecha.pl\/index.php\/wp-json\/wp\/v2\/posts\/17753\/revisions\/17765"}],"wp:featuredmedia":[{"embeddable":true,"href":"https:\/\/www.wiaralecha.pl\/index.php\/wp-json\/wp\/v2\/media\/17756"}],"wp:attachment":[{"href":"https:\/\/www.wiaralecha.pl\/index.php\/wp-json\/wp\/v2\/media?parent=17753"}],"wp:term":[{"taxonomy":"category","embeddable":true,"href":"https:\/\/www.wiaralecha.pl\/index.php\/wp-json\/wp\/v2\/categories?post=17753"},{"taxonomy":"post_tag","embeddable":true,"href":"https:\/\/www.wiaralecha.pl\/index.php\/wp-json\/wp\/v2\/tags?post=17753"}],"curies":[{"name":"wp","href":"https:\/\/api.w.org\/{rel}","templated":true}]}}