{"id":17759,"date":"2026-03-04T17:35:50","date_gmt":"2026-03-04T16:35:50","guid":{"rendered":"https:\/\/www.wiaralecha.pl\/?p=17759"},"modified":"2026-03-04T19:12:24","modified_gmt":"2026-03-04T18:12:24","slug":"bartosz-swiatek-i-jakub-rejniak-po-pucharowym-zwyciestwie-stac-nas-na-duzo-wiecej","status":"publish","type":"post","link":"https:\/\/www.wiaralecha.pl\/index.php\/2026\/03\/04\/bartosz-swiatek-i-jakub-rejniak-po-pucharowym-zwyciestwie-stac-nas-na-duzo-wiecej\/","title":{"rendered":"Bartosz \u015awi\u0105tek i Jakub Rejniak po pucharowym zwyci\u0119stwie: Sta\u0107 nas na du\u017co wi\u0119cej"},"content":{"rendered":"\n<h4 class=\"wp-block-heading\"><strong>Po zwyci\u0119stwie nad Zefk\u0105 Kobyla G\u00f3ra i wywalczeniu awansu do kolejnej rundy Pucharu Polski zesp\u00f3\u0142 Wiary Lecha koncentruje si\u0119 ju\u017c na ligowej inauguracji rundy wiosennej. W niedziel\u0119 Poznaniacy zmierz\u0105 si\u0119 z LKS-em Go\u0142uch\u00f3w, a celem b\u0119dzie udane otwarcie walki o punkty. O ocenie pucharowego spotkania, wyzwaniach, kt\u00f3re stoj\u0105 przed dru\u017cyn\u0105, oraz o powrocie do gry i debiucie okraszonym asyst\u0105 przy pierwszej bramce opowiadaj\u0105 Bartosz \u015awi\u0105tek i Jakub Rejniak.<\/strong><\/h4>\n\n\n\n<p><strong>Bartosz \u015awi\u0105tek \u2013 pomocnik Wiary Lecha: <\/strong><em>Mecz zako\u0144czony zwyci\u0119stwem, ale nie jeste\u015bmy usatysfakcjonowani z naszej postawy. Zagrali\u015bmy poni\u017cej naszych mo\u017cliwo\u015bci. By\u0142o to nasze pierwsze przetarcie w nowym roku w meczu o stawk\u0119, wi\u0119c najwa\u017cniejsze, \u017ce awansowali\u015bmy do kolejnej rundy. W nast\u0119pnych spotkaniach musismy zagra\u0107 ju\u017c zdecydowanie lepiej. Dla mnie by\u0142 to te\u017c pierwszy mecz od sierpnia, wi\u0119c by\u0142em bardzo podekscytowany i nie mog\u0142em si\u0119 tego dnia doczeka\u0107. Nie by\u0142 to wyst\u0119p, z kt\u00f3rego jestem super zadowolony, ale wiem, \u017ce to tylko kwestia czasu i b\u0119d\u0119 prezentowa\u0142 odpowiedni poziom. Przede wszystkim jestem szcz\u0119\u015bliwy, \u017ce wr\u00f3ci\u0142em do gry, bo nie ukrywam, \u017ce t\u0119skni\u0142em za tym.<\/em><\/p>\n\n\n\n<p><em>Je\u015bli chodzi o kolejny mecz w Pucharze Polski przeciwko Pogoni Nowe Skalmierzyce, na pewno jest to super okazja, \u017ceby zagra\u0107 z przeciwnikiem z wy\u017cszej klasy rozgrywkowej. Raczej nie jeste\u015bmy faworytem tego spotkania, ale graj\u0105c z w\u0142a\u015bciw\u0105 determinacj\u0105 i pewno\u015bci\u0105 siebie, jeste\u015bmy w stanie wygra\u0107. W zesz\u0142ej edycji pucharu te\u017c mierzyli\u015bmy z dru\u017cyn\u0105 3-ligow\u0105. Zagrali\u015bmy wtedy bardzo dobry mecz i byli\u015bmy blisko sprawienia niespodzianki, wi\u0119c przy odpowiednim nastawieniu wszystko jest mo\u017cliwe.<\/em><\/p>\n\n\n\n<p><em>W niedzielnym meczu kluczowa b\u0119dzie organizacja gry w obronie, praca na dobrej intensywno\u015bci i agresywno\u015bci. Natomiast w ofensywie wa\u017cne b\u0119dzie, aby by\u0107 kreatywnym i odwa\u017cnym z pi\u0142k\u0105 oraz wykorzystywa\u0107 atuty naszego ustawienia. Liczymy na to, \u017ce b\u0119dziemy mocni na wiosn\u0119 i uda nam si\u0119 zbudowa\u0107 na \u015ar\u00f3dce Twierdz\u0119.<\/em><\/p>\n\n\n\n<p><strong>Jakub Rejniak \u2013 skrzyd\u0142owy Wiary Lecha: <\/strong><em>My\u015bl\u0119, \u017ce mog\u0119 sw\u00f3j wyst\u0119p oceni\u0107 pozytywnie. Uda\u0142o si\u0119 do\u0142o\u017cy\u0107 asyst\u0119 wi\u0119c s\u0105dz\u0119, \u017ce jest to naprawd\u0119 dobry start. Nie zmienia to jednak faktu, \u017ce zar\u00f3wno mnie jak i ca\u0142\u0105 dru\u017cyn\u0119 sta\u0107 na du\u017co wi\u0119cej i jestem przekonany, \u017ce z ka\u017cdym kolejnym meczem b\u0119dziemy prezentowa\u0107 si\u0119 coraz lepiej. Musimy potwierdzi\u0107 dobr\u0105 dyspozycje z okresu przygotowawczego oraz wykorzysta\u0107 du\u017cy potencja\u0142, kt\u00f3ry bez w\u0105tpienia jest w naszej dru\u017cynie. Ciesz\u0119 si\u0119 z mojego debiutu i awansu, dzi\u0119ki kt\u00f3remu b\u0119dziemy mogli zmierzy\u0107 z III-ligow\u0105 Pogoni\u0105 Nowe Skalmierzyce, co b\u0119dzie ciekawym wyzwaniem.<\/em><\/p>\n\n\n\n<p><em>W Wiarze Lecha czuj\u0119 si\u0119 naprawd\u0119 znakomicie. Zesp\u00f3\u0142 bardzo dobrze mnie przyj\u0105\u0142 i wierz\u0119, \u017ce razem zdzia\u0142amy du\u017co dobrego dla tego klubu. Spore wra\u017cenie zrobi\u0142o te\u017c na mnie bardzo du\u017ce zaanga\u017cowanie ca\u0142ego sztabu trenerskiego w ci\u0105g\u0142y rozw\u00f3j dru\u017cyny oraz organizacja poza boiskowa, kt\u00f3ra stoi na imponuj\u0105cym poziomie. Je\u015bli chodzi o cele, to zale\u017cy mi na tym aby w najbli\u017cszych miesi\u0105cach pi\u0105\u0107 si\u0119 w g\u00f3r\u0119 tabeli z Dru\u017cyn\u0105 Wiary Lecha, a indywidualnie by regularnie gra\u0107 dobr\u0105 pi\u0142k\u0119 z u\u015bmiechem na twarzy i do dyspozycji sprzed kontuzji, a mo\u017ce nawet jeszcze lepszej. DWL jest dobrym miejscem do realizacji tych cel\u00f3w.<\/em><\/p>\n\n\n\n<p><em>LKS Go\u0142uch\u00f3w charakteryzuje du\u017ca waleczno\u015b\u0107 i zaanga\u017cowanie w gr\u0119, tak\u017ce z pewno\u015bci\u0105 musimy odpowiedzie\u0107 tym samym i pokaza\u0107 charakter, w czym gra przed w\u0142asn\u0105 publiczno\u015bci\u0105 na pewno nam pomo\u017ce. Je\u015bli do\u0142o\u017cymy do tego umiej\u0119tno\u015bci techniczne, kt\u00f3re mamy w dru\u017cynie oraz konsekwencj\u0119 w realizacji za\u0142o\u017ce\u0144 taktycznych, to w sobot\u0119 zgarniemy pe\u0142n\u0105 pul\u0119 punkt\u00f3w. Tym samym zrobimy pierwszy, wa\u017cny krok w rundzie wiosennej. Pragn\u0119 podkre\u015bli\u0107, \u017ce wa\u017cnym elementem, kt\u00f3ry przybli\u017cy nas do zwyci\u0119stwa b\u0119dzie wsparcie z trybuny, wi\u0119c z tego miejsca zapraszam wszystkich na mecz.<\/em><\/p>\n","protected":false},"excerpt":{"rendered":"<p>Po zwyci\u0119stwie nad Zefk\u0105 Kobyla G\u00f3ra i wywalczeniu awansu do kolejnej rundy Pucharu Polski zesp\u00f3\u0142 Wiary Lecha koncentruje si\u0119 ju\u017c na ligowej inauguracji rundy wiosennej. W niedziel\u0119 Poznaniacy zmierz\u0105 si\u0119 z LKS-em Go\u0142uch\u00f3w, a celem b\u0119dzie udane otwarcie walki o punkty. O ocenie pucharowego spotkania, wyzwaniach, kt\u00f3re stoj\u0105 przed dru\u017cyn\u0105, oraz o powrocie do gry i debiucie okraszonym asyst\u0105 przy pierwszej bramce opowiadaj\u0105 Bartosz \u015awi\u0105tek i Jakub Rejniak.<\/p>\n","protected":false},"author":5,"featured_media":17760,"comment_status":"closed","ping_status":"closed","sticky":false,"template":"","format":"standard","meta":{"_acf_changed":false,"_jetpack_memberships_contains_paid_content":false,"footnotes":""},"categories":[69],"tags":[],"class_list":["post-17759","post","type-post","status-publish","format-standard","has-post-thumbnail","hentry","category-wypowiedzi"],"acf":[],"jetpack_featured_media_url":"https:\/\/www.wiaralecha.pl\/wp-content\/uploads\/2026\/03\/647694045_1289493459894347_891359759403213956_n.jpg","jetpack_sharing_enabled":true,"_links":{"self":[{"href":"https:\/\/www.wiaralecha.pl\/index.php\/wp-json\/wp\/v2\/posts\/17759","targetHints":{"allow":["GET"]}}],"collection":[{"href":"https:\/\/www.wiaralecha.pl\/index.php\/wp-json\/wp\/v2\/posts"}],"about":[{"href":"https:\/\/www.wiaralecha.pl\/index.php\/wp-json\/wp\/v2\/types\/post"}],"author":[{"embeddable":true,"href":"https:\/\/www.wiaralecha.pl\/index.php\/wp-json\/wp\/v2\/users\/5"}],"replies":[{"embeddable":true,"href":"https:\/\/www.wiaralecha.pl\/index.php\/wp-json\/wp\/v2\/comments?post=17759"}],"version-history":[{"count":4,"href":"https:\/\/www.wiaralecha.pl\/index.php\/wp-json\/wp\/v2\/posts\/17759\/revisions"}],"predecessor-version":[{"id":17768,"href":"https:\/\/www.wiaralecha.pl\/index.php\/wp-json\/wp\/v2\/posts\/17759\/revisions\/17768"}],"wp:featuredmedia":[{"embeddable":true,"href":"https:\/\/www.wiaralecha.pl\/index.php\/wp-json\/wp\/v2\/media\/17760"}],"wp:attachment":[{"href":"https:\/\/www.wiaralecha.pl\/index.php\/wp-json\/wp\/v2\/media?parent=17759"}],"wp:term":[{"taxonomy":"category","embeddable":true,"href":"https:\/\/www.wiaralecha.pl\/index.php\/wp-json\/wp\/v2\/categories?post=17759"},{"taxonomy":"post_tag","embeddable":true,"href":"https:\/\/www.wiaralecha.pl\/index.php\/wp-json\/wp\/v2\/tags?post=17759"}],"curies":[{"name":"wp","href":"https:\/\/api.w.org\/{rel}","templated":true}]}}