{"id":17797,"date":"2026-03-10T12:32:56","date_gmt":"2026-03-10T11:32:56","guid":{"rendered":"https:\/\/www.wiaralecha.pl\/?p=17797"},"modified":"2026-03-10T12:33:00","modified_gmt":"2026-03-10T11:33:00","slug":"jakub-grzeskowiak-i-eryk-kryg-z-debiutami-w-wiarze-lecha","status":"publish","type":"post","link":"https:\/\/www.wiaralecha.pl\/index.php\/2026\/03\/10\/jakub-grzeskowiak-i-eryk-kryg-z-debiutami-w-wiarze-lecha\/","title":{"rendered":"Jakub Grze\u015bkowiak i Eryk Kryg z debiutami w Wiarze Lecha"},"content":{"rendered":"\n<h4 class=\"wp-block-heading\"><strong>Podczas meczu z LKS-em Go\u0142uch\u00f3w pierwsze spotkania w dru\u017cynie Wiary Lecha rozegrali dwaj zawodnicy: Jakub Grze\u015bkowiak i Eryk Kryg. Obaj pojawili si\u0119 na boisku po przerwie.<\/strong><\/h4>\n\n\n\n<p>Pierwszy na placu gry &#8211; w 58. minucie &#8211; zameldowa\u0142 si\u0119 <strong>Jakub Grze\u015bkowiak<\/strong>, kt\u00f3ry zmieni\u0142 Jakuba Rejniaka. 18-latek zosta\u0142 150. zawodnikiem, kt\u00f3ry zagra\u0142 w Wiarze Lecha. <\/p>\n\n\n\n<p>Jedena\u015bcie minut p\u00f3\u017aniej na muraw\u0119 &#8211; po blisko 16 miesi\u0105cach przerwy spowodowanej kontuzj\u0105 kolana &#8211; wr\u00f3ci\u0142 <strong>Eryk Kryg<\/strong>. 26-letni pomocnik ponownie za\u0142o\u017cy\u0142 niebiesko-bia\u0142\u0105 koszulk\u0119 z kolejowym herbem na piersi, tym razem w DWL. Na boisku zast\u0105pi\u0142 Maksymiliana Barczaka. Kryg by\u0142 bliski wpisania si\u0119 na list\u0119 strzelc\u00f3w, ale jego uderzenie z rzutu wolnego zatrzyma\u0142 bramkarza go\u015bci. <\/p>\n","protected":false},"excerpt":{"rendered":"<p>Podczas meczu z LKS-em Go\u0142uch\u00f3w pierwsze spotkania w dru\u017cynie Wiary Lecha rozegrali dwaj zawodnicy: Jakub Grze\u015bkowiak i Eryk Kryg. Obaj pojawili si\u0119 na boisku po przerwie.<\/p>\n","protected":false},"author":2,"featured_media":17798,"comment_status":"closed","ping_status":"closed","sticky":false,"template":"","format":"standard","meta":{"_acf_changed":false,"_jetpack_memberships_contains_paid_content":false,"footnotes":""},"categories":[16],"tags":[],"class_list":["post-17797","post","type-post","status-publish","format-standard","has-post-thumbnail","hentry","category-pierwszy-zespol"],"acf":[],"jetpack_featured_media_url":"https:\/\/www.wiaralecha.pl\/wp-content\/uploads\/2026\/03\/Debiuty.png","jetpack_sharing_enabled":true,"_links":{"self":[{"href":"https:\/\/www.wiaralecha.pl\/index.php\/wp-json\/wp\/v2\/posts\/17797","targetHints":{"allow":["GET"]}}],"collection":[{"href":"https:\/\/www.wiaralecha.pl\/index.php\/wp-json\/wp\/v2\/posts"}],"about":[{"href":"https:\/\/www.wiaralecha.pl\/index.php\/wp-json\/wp\/v2\/types\/post"}],"author":[{"embeddable":true,"href":"https:\/\/www.wiaralecha.pl\/index.php\/wp-json\/wp\/v2\/users\/2"}],"replies":[{"embeddable":true,"href":"https:\/\/www.wiaralecha.pl\/index.php\/wp-json\/wp\/v2\/comments?post=17797"}],"version-history":[{"count":1,"href":"https:\/\/www.wiaralecha.pl\/index.php\/wp-json\/wp\/v2\/posts\/17797\/revisions"}],"predecessor-version":[{"id":17799,"href":"https:\/\/www.wiaralecha.pl\/index.php\/wp-json\/wp\/v2\/posts\/17797\/revisions\/17799"}],"wp:featuredmedia":[{"embeddable":true,"href":"https:\/\/www.wiaralecha.pl\/index.php\/wp-json\/wp\/v2\/media\/17798"}],"wp:attachment":[{"href":"https:\/\/www.wiaralecha.pl\/index.php\/wp-json\/wp\/v2\/media?parent=17797"}],"wp:term":[{"taxonomy":"category","embeddable":true,"href":"https:\/\/www.wiaralecha.pl\/index.php\/wp-json\/wp\/v2\/categories?post=17797"},{"taxonomy":"post_tag","embeddable":true,"href":"https:\/\/www.wiaralecha.pl\/index.php\/wp-json\/wp\/v2\/tags?post=17797"}],"curies":[{"name":"wp","href":"https:\/\/api.w.org\/{rel}","templated":true}]}}