{"id":17807,"date":"2026-03-12T11:44:14","date_gmt":"2026-03-12T10:44:14","guid":{"rendered":"https:\/\/www.wiaralecha.pl\/?p=17807"},"modified":"2026-03-12T12:36:33","modified_gmt":"2026-03-12T11:36:33","slug":"trener-piotr-soltysiak-po-porazce-z-lks-em-goluchow-przegralismy-bitwe-ale-nie-wojne","status":"publish","type":"post","link":"https:\/\/www.wiaralecha.pl\/index.php\/2026\/03\/12\/trener-piotr-soltysiak-po-porazce-z-lks-em-goluchow-przegralismy-bitwe-ale-nie-wojne\/","title":{"rendered":"Trener Piotr So\u0142tysiak po pora\u017cce z LKS-em Go\u0142uch\u00f3w: Przegrali\u015bmy bitw\u0119, ale nie wojn\u0119"},"content":{"rendered":"\n<h4 class=\"wp-block-heading\"><strong>Po pora\u017cce 0:1 z LKS Go\u0142uch\u00f3w w pierwszym wiosennym meczu IV ligi trener Piotr So\u0142tysiak zwraca uwag\u0119 przede wszystkim na niewykorzystane sytuacje oraz b\u0142\u0105d przy sta\u0142ym fragmencie gry, kt\u00f3ry przes\u0105dzi\u0142 o wyniku spotkania. Szkoleniowiec podkre\u015bla jednak, \u017ce przed zespo\u0142em wci\u0105\u017c d\u0142uga cz\u0119\u015b\u0107 rundy i wiele okazji do zdobycia punkt\u00f3w. W rozmowie odnosi si\u0119 r\u00f3wnie\u017c do powa\u017cnej kontuzji Mateusza Packa oraz zapowiada walk\u0119 o rehabilitacj\u0119 w nadchodz\u0105cym meczu z Polonia Chodzie\u017c.<\/strong><\/h4>\n\n\n\n<p><strong>Niedzielny mecz z LKS-em Go\u0142uch\u00f3w zako\u0144czy\u0142 si\u0119 pora\u017ck\u0105 0:1. Jak trener ocenia przebieg tego spotkania i kt\u00f3re elementy gry zadecydowa\u0142y o tym, \u017ce to rywale si\u0119gn\u0119li po komplet punkt\u00f3w?<\/strong><\/p>\n\n\n\n<p><em>Trener Piotr So\u0142tysiak: Niestety inauguracja ligowa nie by\u0142a dla nas pomy\u015blna. Przegrali\u015bmy wa\u017cny mecz dla uk\u0142adu w tabeli. Jeste\u015bmy niezadowoleni z wyniku, ale zdajemy sobie spraw\u0119, \u017ce przegrali\u015bmy bitw\u0119, ale nie wojn\u0119. Przed nami szesna\u015bcie spotka\u0144 w rundzie wiosennej i wiele punkt\u00f3w do zdobycia.\u00a0 Stracili\u015bmy bramk\u0119 po sta\u0142ym fragmencie gry, po b\u0142\u0119dzie indywidualnym. Wcze\u015bniej mieli\u015bmy dwie bardzo dobre sytuacje do otwarcia wyniku pod bramk\u0105 przeciwnika, kt\u00f3rych niestety nie uda\u0142o si\u0119 nam wykorzysta\u0107. Z przebiegu spotkania i gry pewnie bardziej sprawiedliwym wynikiem by\u0142by remis, ale to go\u015bcie z Go\u0142uchowa byli skuteczniejsi o jedn\u0105 bramk\u0119 i wywie\u017ali trzy punkty z naszego boiska.<\/em><\/p>\n\n\n\n<p><strong>Kontuzji dozna\u0142 Mateusz Pacek, kt\u00f3ry b\u0119dzie wykluczony z gry na d\u0142u\u017cszy czas. Jak du\u017ca jest to strata dla zespo\u0142u i czy trener ma ju\u017c pomys\u0142, jak w najbli\u017cszych spotkaniach zast\u0105pi\u0107 go w sk\u0142adzie?<\/strong><\/p>\n\n\n\n<p><em>Mateusz Pacek bardzo dobrze przepracowa\u0142 okres przygotowawczy. By\u0142 wa\u017cnym ogniwem w naszej uk\u0142adance taktycznej na boisku. Dawa\u0142 mam wiele argument\u00f3w ofensywnych. Niestety z powodu powa\u017cnego urazu nie b\u0119dzie do dyspozycji przez d\u0142u\u017cszy czas. W dru\u017cynie cz\u0119sto jest tak, \u017ce nieszcz\u0119\u015bcie jednego otwiera szans\u0119 dla innego zawodnika. Sparingi pokaza\u0142y, \u017ce kadra jest szeroka i postaramy si\u0119 uzupe\u0142ni\u0107 t\u0105 luk\u0119 po Mateuszu, kt\u00f3remu \u017cycz\u0119 szybkiego powrotu do zdrowia.<\/em><\/p>\n\n\n\n<p><strong>Ju\u017c w najbli\u017csz\u0105 sobot\u0119 Wiara Lecha zmierzy si\u0119 z Poloni\u0105 Chodzie\u017c, czyli czwart\u0105 dru\u017cyn\u0105 tabeli IV ligi. Jak zesp\u00f3\u0142 zamierza podej\u015b\u0107 do tego spotkania i co b\u0119dzie kluczowe, aby powalczy\u0107 o punkty z tak wymagaj\u0105cym rywalem?<\/strong><\/p>\n\n\n\n<p><em>Polonia Chodzie\u017c to bardzo dobra technicznie oraz pouk\u0142adana taktycznie dru\u017cyna. W pi\u0142ce no\u017cnej jest tak, \u017ce po przegranym spotkaniu bardzo szybko, bo ju\u017c po tygodniu masz szans\u0119 na rehabilitacj\u0119. Zrobimy wszystko, by w najbli\u017csz\u0105 sobot\u0119 odrobi\u0107 stracone punkty z Go\u0142uchowem. Spodziewamy si\u0119 bardzo trudnego spotkania. Liczymy na wsparcie kibic\u00f3w, kt\u00f3rych doping poniesie nas do zwyci\u0119stwa.<\/em><\/p>\n","protected":false},"excerpt":{"rendered":"<p>Po pora\u017cce 0:1 z LKS Go\u0142uch\u00f3w w pierwszym wiosennym meczu IV ligi trener Piotr So\u0142tysiak zwraca uwag\u0119 przede wszystkim na niewykorzystane sytuacje oraz b\u0142\u0105d przy sta\u0142ym fragmencie gry, kt\u00f3ry przes\u0105dzi\u0142 o wyniku spotkania. Szkoleniowiec podkre\u015bla jednak, \u017ce przed zespo\u0142em wci\u0105\u017c d\u0142uga cz\u0119\u015b\u0107 rundy i wiele okazji do zdobycia punkt\u00f3w. W rozmowie odnosi si\u0119 r\u00f3wnie\u017c do powa\u017cnej kontuzji Mateusza Packa oraz zapowiada walk\u0119 o rehabilitacj\u0119 w nadchodz\u0105cym meczu z Polonia Chodzie\u017c.<\/p>\n","protected":false},"author":5,"featured_media":17808,"comment_status":"closed","ping_status":"closed","sticky":false,"template":"","format":"standard","meta":{"_acf_changed":false,"_jetpack_memberships_contains_paid_content":false,"footnotes":""},"categories":[69],"tags":[],"class_list":["post-17807","post","type-post","status-publish","format-standard","has-post-thumbnail","hentry","category-wypowiedzi"],"acf":[],"jetpack_featured_media_url":"https:\/\/www.wiaralecha.pl\/wp-content\/uploads\/2026\/03\/650827722_1294598786050481_4975850497685165981_n.jpg","jetpack_sharing_enabled":true,"_links":{"self":[{"href":"https:\/\/www.wiaralecha.pl\/index.php\/wp-json\/wp\/v2\/posts\/17807","targetHints":{"allow":["GET"]}}],"collection":[{"href":"https:\/\/www.wiaralecha.pl\/index.php\/wp-json\/wp\/v2\/posts"}],"about":[{"href":"https:\/\/www.wiaralecha.pl\/index.php\/wp-json\/wp\/v2\/types\/post"}],"author":[{"embeddable":true,"href":"https:\/\/www.wiaralecha.pl\/index.php\/wp-json\/wp\/v2\/users\/5"}],"replies":[{"embeddable":true,"href":"https:\/\/www.wiaralecha.pl\/index.php\/wp-json\/wp\/v2\/comments?post=17807"}],"version-history":[{"count":3,"href":"https:\/\/www.wiaralecha.pl\/index.php\/wp-json\/wp\/v2\/posts\/17807\/revisions"}],"predecessor-version":[{"id":17816,"href":"https:\/\/www.wiaralecha.pl\/index.php\/wp-json\/wp\/v2\/posts\/17807\/revisions\/17816"}],"wp:featuredmedia":[{"embeddable":true,"href":"https:\/\/www.wiaralecha.pl\/index.php\/wp-json\/wp\/v2\/media\/17808"}],"wp:attachment":[{"href":"https:\/\/www.wiaralecha.pl\/index.php\/wp-json\/wp\/v2\/media?parent=17807"}],"wp:term":[{"taxonomy":"category","embeddable":true,"href":"https:\/\/www.wiaralecha.pl\/index.php\/wp-json\/wp\/v2\/categories?post=17807"},{"taxonomy":"post_tag","embeddable":true,"href":"https:\/\/www.wiaralecha.pl\/index.php\/wp-json\/wp\/v2\/tags?post=17807"}],"curies":[{"name":"wp","href":"https:\/\/api.w.org\/{rel}","templated":true}]}}