{"id":17810,"date":"2026-03-12T11:50:55","date_gmt":"2026-03-12T10:50:55","guid":{"rendered":"https:\/\/www.wiaralecha.pl\/?p=17810"},"modified":"2026-03-12T12:37:52","modified_gmt":"2026-03-12T11:37:52","slug":"gracjan-pachelski-i-maksymilian-barczak-po-porazce-z-lks-em-goluchow-zabraklo-nam-przede-wszystkim-skutecznosci","status":"publish","type":"post","link":"https:\/\/www.wiaralecha.pl\/index.php\/2026\/03\/12\/gracjan-pachelski-i-maksymilian-barczak-po-porazce-z-lks-em-goluchow-zabraklo-nam-przede-wszystkim-skutecznosci\/","title":{"rendered":"Gracjan Pachelski i Maksymilian Barczak po pora\u017cce z LKS-em Go\u0142uch\u00f3w: Zabrak\u0142o nam przede wszystkim skuteczno\u015bci"},"content":{"rendered":"\n<h4 class=\"wp-block-heading\"><strong>Po nieudanej inauguracji rundy wiosennej w IV lidze pi\u0142karze Wiary Lecha nie ukrywaj\u0105 rozczarowania. Kibole przegrali na w\u0142asnym boisku 0:1 z LKS-em Go\u0142uch\u00f3w, mimo \u017ce stworzyli sobie kilka dobrych okazji do zdobycia bramki. O przebiegu spotkania, brakuj\u0105cej skuteczno\u015bci, kontuzji Mateusza Packa oraz nastawieniu przed kolejnym ligowym wyzwaniem z Poloni\u0105 Chodzie\u017c opowiadaj\u0105 Gracjan Pachelski i Maksymilian Barczak.<\/strong><\/h4>\n\n\n\n<p><strong>Gracjan Pachelski \u2013 napastnik Wiary Lecha:<\/strong> <em>Niedzielny mecz by\u0142 bardzo wyr\u00f3wnany. Grali\u015bmy z dru\u017cyn\u0105, kt\u00f3ra mia\u0142a tyle samo punkt\u00f3w, co my. Moim zdaniem ewidentnie zabrak\u0142o nam koncentracji, ale przede wszystkim skuteczno\u015bci. Mieli\u015bmy swoje klarowne okazje w pierwszej po\u0142owie, ale to rywale schodzili na przerw\u0119 z prowadzeniem. W ostatniej sekundzie pierwszej po\u0142owy zabrak\u0142o nam koncentracji i nie zdo\u0142ali\u015bmy wybroni\u0107 rzutu wolnego. Zabrak\u0142o nam przede wszystkim skuteczno\u015bci i mecz wygl\u0105da\u0142by zupe\u0142nie inaczej.<\/em><\/p>\n\n\n\n<p><em>Ka\u017cdemu jest oczywi\u015bcie przykro z powodu kontuzji Mateusza Packa. Mateusz wygl\u0105da\u0142 bardzo dobrze w okresie przygotowawczym i by\u0142 nasz\u0105 kluczow\u0105 postaci\u0105. Jest to dla nas ogromna strata, ale mamy bardzo wyr\u00f3wnan\u0105 kadr\u0119 i nie ma ludzi nie do zast\u0105pienia. Trzymamy mocno za niego kciuki i \u017cyczymy mu powrotu do zdrowia.<\/em><\/p>\n\n\n\n<p><em>Dla nas ka\u017cdy mecz jest o \u017cycie. Nie mo\u017cemy patrze\u0107 czy gramy z czwart\u0105 dru\u017cyn\u0105, czy z przed ostatni\u0105, bo dla nas ka\u017cde 3 punkty wa\u017c\u0105 tyle samo i musimy punktowa\u0107. Jeste\u015bmy troszeczk\u0119 ponad stref\u0105 spadkow\u0105, mamy w tym roku pi\u0119tnastolecie i nie ma innej mo\u017cliwo\u015bci jak teraz wygra\u0107 ten mecz. Chcemy wygrywa\u0107 ka\u017cdy mecz i zrobimy wszystko, \u017ceby w sobot\u0119 pokona\u0107 Poloni\u0119 Chodzie\u017c.\u00a0 Musimy si\u0119 spi\u0105\u0107 dla kolejowego herbu, dla koleg\u00f3w z trybun i dla nas samych.<\/em><\/p>\n\n\n\n<p><strong>Maksymilian Barczak \u2013 pomocnik Wiary Lecha:<\/strong> <em>Pocz\u0105tek meczu by\u0142 dla nas pozytywny, uda\u0142o nam si\u0119 wykreowa\u0107 kilka sytuacji i kontrolowali\u015bmy jego przebieg, niestety brakowa\u0142o nam skutecznej finalizacji. Z czasem zacz\u0119li\u015bmy traci\u0107 jako\u015b\u0107 w budowaniu akcji i cz\u0119\u015bciej tracili\u015bmy pi\u0142k\u0119, co prze\u0142o\u017cy\u0142o si\u0119 na wi\u0119ksz\u0105 liczb\u0119 okazji dla przeciwnika. W ostatniej minucie pierwszej po\u0142owy pad\u0142 gol do szatni, kt\u00f3rego powinni\u015bmy unikn\u0105\u0107. W drugiej po\u0142owie mecz zrobi\u0142 si\u0119 bardziej chaotyczny i nadal nie potrafili\u015bmy przebi\u0107 si\u0119 przez nisko ustawion\u0105 obron\u0119 przeciwnika. Pozosta\u0142 du\u017cy niedosyt, nie pokazali\u015bmy pe\u0142ni swoich mo\u017cliwo\u015bci ani tego, nad czym pracowali\u015bmy w okresie przygotowawczym. Zabrak\u0142o nam przede wszystkim ostatniego podania, gdy byli\u015bmy ju\u017c w okolicach pola karnego oraz jeszcze wi\u0119kszej wiary w zwyci\u0119stwo. Musimy wyci\u0105gn\u0105\u0107 z tego meczu wnioski i dalej ci\u0119\u017cko pracowa\u0107, \u017ceby w kolejnych spotkaniach wygl\u0105da\u0142o to lepiej.<\/em><\/p>\n\n\n\n<p><em>Jeste\u015bmy dru\u017cyn\u0105, wi\u0119c oczywiste jest, \u017ce utrata Mateusza Packa jako jednego z nas bardzo nas zabola\u0142a. Mateusz jest wa\u017cnym elementem naszego zespo\u0142u, dlatego na pewno b\u0119dzie nam go brakowa\u0142o, a szczeg\u00f3lnie jego poda\u0144 fa\u0142szem. Mam nadziej\u0119, \u017ce ta kontuzja b\u0119dzie dla nas dodatkowym bod\u017acem do jeszcze ci\u0119\u017cszej pracy, \u017ceby zacz\u0105\u0107 zdobywa\u0107 punkty. Wiemy, \u017ce teraz ka\u017cdy z nas musi da\u0107 od siebie jeszcze wi\u0119cej i zrobi\u0107 wszystko, \u017ceby r\u00f3wnie\u017c dla Mateusza powalczy\u0107 o jak najlepsze wyniki.<\/em><\/p>\n\n\n\n<p><em>Na pewno czeka nas w sobot\u0119 trudne spotkanie, ale nie chc\u0119 patrze\u0107 na ich pozycj\u0119 w tabeli, bo cz\u0119sto nie przek\u0142ada si\u0119 to na to, co dzieje si\u0119 na boisku. Jestem przekonany, \u017ce mo\u017cemy postawi\u0107 si\u0119 Polonii i powalczy\u0107 o punkty. Kluczem b\u0119dzie zaanga\u017cowanie, kt\u00f3rego jestem pewien, \u017ce w naszej dru\u017cynie nie zabraknie, a tak\u017ce odwaga, szczeg\u00f3lnie w fazie atakowania, bo tego ostatnio troch\u0119 nam brakowa\u0142o. Wierz\u0119, \u017ce je\u015bli poka\u017cemy na boisku nasz\u0105 jako\u015b\u0107 i charakter, to przy wsparciu naszych kibic\u00f3w b\u0119dziemy w stanie powalczy\u0107 o dobry wynik.<\/em><\/p>\n","protected":false},"excerpt":{"rendered":"<p>Po nieudanej inauguracji rundy wiosennej w IV lidze pi\u0142karze Wiary Lecha nie ukrywaj\u0105 rozczarowania. Kibole przegrali na w\u0142asnym boisku 0:1 z LKS-em Go\u0142uch\u00f3w, mimo \u017ce stworzyli sobie kilka dobrych okazji do zdobycia bramki. O przebiegu spotkania, brakuj\u0105cej skuteczno\u015bci, kontuzji Mateusza Packa oraz nastawieniu przed kolejnym ligowym wyzwaniem z Poloni\u0105 Chodzie\u017c opowiadaj\u0105 Gracjan Pachelski i Maksymilian Barczak.<\/p>\n","protected":false},"author":5,"featured_media":17811,"comment_status":"closed","ping_status":"closed","sticky":false,"template":"","format":"standard","meta":{"_acf_changed":false,"_jetpack_memberships_contains_paid_content":false,"footnotes":""},"categories":[69],"tags":[],"class_list":["post-17810","post","type-post","status-publish","format-standard","has-post-thumbnail","hentry","category-wypowiedzi"],"acf":[],"jetpack_featured_media_url":"https:\/\/www.wiaralecha.pl\/wp-content\/uploads\/2026\/03\/651178552_1294597582717268_4162276907988733008_n.jpg","jetpack_sharing_enabled":true,"_links":{"self":[{"href":"https:\/\/www.wiaralecha.pl\/index.php\/wp-json\/wp\/v2\/posts\/17810","targetHints":{"allow":["GET"]}}],"collection":[{"href":"https:\/\/www.wiaralecha.pl\/index.php\/wp-json\/wp\/v2\/posts"}],"about":[{"href":"https:\/\/www.wiaralecha.pl\/index.php\/wp-json\/wp\/v2\/types\/post"}],"author":[{"embeddable":true,"href":"https:\/\/www.wiaralecha.pl\/index.php\/wp-json\/wp\/v2\/users\/5"}],"replies":[{"embeddable":true,"href":"https:\/\/www.wiaralecha.pl\/index.php\/wp-json\/wp\/v2\/comments?post=17810"}],"version-history":[{"count":3,"href":"https:\/\/www.wiaralecha.pl\/index.php\/wp-json\/wp\/v2\/posts\/17810\/revisions"}],"predecessor-version":[{"id":17817,"href":"https:\/\/www.wiaralecha.pl\/index.php\/wp-json\/wp\/v2\/posts\/17810\/revisions\/17817"}],"wp:featuredmedia":[{"embeddable":true,"href":"https:\/\/www.wiaralecha.pl\/index.php\/wp-json\/wp\/v2\/media\/17811"}],"wp:attachment":[{"href":"https:\/\/www.wiaralecha.pl\/index.php\/wp-json\/wp\/v2\/media?parent=17810"}],"wp:term":[{"taxonomy":"category","embeddable":true,"href":"https:\/\/www.wiaralecha.pl\/index.php\/wp-json\/wp\/v2\/categories?post=17810"},{"taxonomy":"post_tag","embeddable":true,"href":"https:\/\/www.wiaralecha.pl\/index.php\/wp-json\/wp\/v2\/tags?post=17810"}],"curies":[{"name":"wp","href":"https:\/\/api.w.org\/{rel}","templated":true}]}}