{"id":17820,"date":"2026-03-13T11:37:52","date_gmt":"2026-03-13T10:37:52","guid":{"rendered":"https:\/\/www.wiaralecha.pl\/?p=17820"},"modified":"2026-03-13T11:37:56","modified_gmt":"2026-03-13T10:37:56","slug":"koszykowka-wiara-lecha-podejmie-wicelidera","status":"publish","type":"post","link":"https:\/\/www.wiaralecha.pl\/index.php\/2026\/03\/13\/koszykowka-wiara-lecha-podejmie-wicelidera\/","title":{"rendered":"Koszyk\u00f3wka: Wiara Lecha podejmie wicelidera"},"content":{"rendered":"\n<h4 class=\"wp-block-heading\"><strong>W meczu 28. kolejki II ligi koszykarzy\u00a0Wiara Lecha\u00a0zagra u siebie z\u00a0Pogo\u0144 Prudnik. Spotkanie, kt\u00f3re odb\u0119dzie si\u0119 w hali Chwia\u0142ka \u201eB\u201d przy ulicy Spychalskiego, zostanie rozegrane w sobot\u0119, 14 marca o godzinie 13:00.<\/strong><\/h4>\n\n\n\n<p>Poznaniacy dalej zajmuj\u0105 15. miejsce w tabeli, kt\u00f3re oznacza spadek do trzeciej ligi. Ich sobotni rywal jest natomiast wiceliderem rozgrywek i ma ju\u017c zapewnione miejsce w fazie play-off o awans do I ligi. Pogo\u0144 b\u0119dzie wi\u0119c zdecydowanym faworytem spotkania.<\/p>\n\n\n\n<p>W pierwszej rundzie w Prudniku g\u00f3r\u0105 byli gospodarze, kt\u00f3rzy wygrali 104:82. R\u00f3wnie\u017c w poprzednim sezonie oba pojedynki zako\u0144czy\u0142y si\u0119 zwyci\u0119stwami zespo\u0142u z Opolszczyzny \u2013 w Prudniku 111:85, a w Poznaniu 81:72.<\/p>\n\n\n\n<p>Wiara Lecha przyst\u0105pi do sobotniego meczu po wa\u017cnym zwyci\u0119stwie z derbowym rywalem Pogoni &#8211; MKS-em. W ostatniej kolejce Poznaniacy prze\u0142amali seri\u0119 dw\u00f3ch pora\u017cek z rz\u0119du i odnie\u015bli drug\u0105 wyjazdow\u0105 wygran\u0105 w sezonie, pokonuj\u0105c na wyje\u017adzie\u00a0Prudniczan\u00a086:70. Pogo\u0144 r\u00f3wnie\u017c jest w dobrej formie. Wicelider tabeli wygra\u0142 trzy ostatnie spotkania, w tym \u015brodowy mecz w Poznaniu z rezerwami\u00a0Basketu Pozna\u0144\u00a089:77.<\/p>\n\n\n\n<p>Mecz Wiara Lecha \u2013 Pogo\u0144 Prudnik odb\u0119dzie si\u0119 w sobot\u0119, 14 marca o godzinie 13:00 w hali Chwia\u0142ka \u201eB\u201d. Wst\u0119p na spotkanie jest p\u0142atny \u2013 bilet-cegie\u0142ka kosztuje 10 z\u0142otych i b\u0119dzie upowa\u017cnia\u0142 do darmowego wej\u015bcia na mecze innych sekcji klubu: futsalu (godz. 15:00, hala Politechniki Pozna\u0144skiej przy ulicy Piotrowo) lub pi\u0142ki no\u017cnej (godz. 19:00, stadion MOS przy ulicy Gda\u0144skiej).<\/p>\n","protected":false},"excerpt":{"rendered":"<p>W meczu 28. kolejki II ligi koszykarzy\u00a0Wiara Lecha\u00a0zagra u siebie z\u00a0Pogo\u0144 Prudnik. Spotkanie, kt\u00f3re odb\u0119dzie si\u0119 w hali Chwia\u0142ka \u201eB\u201d przy ulicy Spychalskiego, zostanie rozegrane w sobot\u0119, 14 marca o godzinie 13:00.<\/p>\n","protected":false},"author":2,"featured_media":17821,"comment_status":"closed","ping_status":"closed","sticky":false,"template":"","format":"standard","meta":{"_acf_changed":false,"_jetpack_memberships_contains_paid_content":false,"footnotes":""},"categories":[101],"tags":[],"class_list":["post-17820","post","type-post","status-publish","format-standard","has-post-thumbnail","hentry","category-koszykowka"],"acf":[],"jetpack_featured_media_url":"https:\/\/www.wiaralecha.pl\/wp-content\/uploads\/2026\/03\/KWLPOG_zapowiedz.png","jetpack_sharing_enabled":true,"_links":{"self":[{"href":"https:\/\/www.wiaralecha.pl\/index.php\/wp-json\/wp\/v2\/posts\/17820","targetHints":{"allow":["GET"]}}],"collection":[{"href":"https:\/\/www.wiaralecha.pl\/index.php\/wp-json\/wp\/v2\/posts"}],"about":[{"href":"https:\/\/www.wiaralecha.pl\/index.php\/wp-json\/wp\/v2\/types\/post"}],"author":[{"embeddable":true,"href":"https:\/\/www.wiaralecha.pl\/index.php\/wp-json\/wp\/v2\/users\/2"}],"replies":[{"embeddable":true,"href":"https:\/\/www.wiaralecha.pl\/index.php\/wp-json\/wp\/v2\/comments?post=17820"}],"version-history":[{"count":1,"href":"https:\/\/www.wiaralecha.pl\/index.php\/wp-json\/wp\/v2\/posts\/17820\/revisions"}],"predecessor-version":[{"id":17822,"href":"https:\/\/www.wiaralecha.pl\/index.php\/wp-json\/wp\/v2\/posts\/17820\/revisions\/17822"}],"wp:featuredmedia":[{"embeddable":true,"href":"https:\/\/www.wiaralecha.pl\/index.php\/wp-json\/wp\/v2\/media\/17821"}],"wp:attachment":[{"href":"https:\/\/www.wiaralecha.pl\/index.php\/wp-json\/wp\/v2\/media?parent=17820"}],"wp:term":[{"taxonomy":"category","embeddable":true,"href":"https:\/\/www.wiaralecha.pl\/index.php\/wp-json\/wp\/v2\/categories?post=17820"},{"taxonomy":"post_tag","embeddable":true,"href":"https:\/\/www.wiaralecha.pl\/index.php\/wp-json\/wp\/v2\/tags?post=17820"}],"curies":[{"name":"wp","href":"https:\/\/api.w.org\/{rel}","templated":true}]}}