{"id":17831,"date":"2026-03-16T14:17:50","date_gmt":"2026-03-16T13:17:50","guid":{"rendered":"https:\/\/www.wiaralecha.pl\/?p=17831"},"modified":"2026-03-16T14:17:54","modified_gmt":"2026-03-16T13:17:54","slug":"koszykowka-wiara-lecha-pogon-prudnik-7784","status":"publish","type":"post","link":"https:\/\/www.wiaralecha.pl\/index.php\/2026\/03\/16\/koszykowka-wiara-lecha-pogon-prudnik-7784\/","title":{"rendered":"Koszyk\u00f3wka: Wiara Lecha &#8211; Pogo\u0144 Prudnik 77:84"},"content":{"rendered":"\n<h4 class=\"wp-block-heading\"><strong>W meczu 27. kolejki II ligi koszykarze Wiary Lecha przegrali na wyje\u017adzie z Pogoni\u0105 Prudnik 77:84. Najwi\u0119cej punkt\u00f3w do Niebiesko-Bia\u0142ych zdoby\u0142 Pawe\u0142 Klimaszewski (19).<\/strong><\/h4>\n\n\n\n<p>Pierwsza kwarta zako\u0144czy\u0142a si\u0119 minimalnym prowadzeniem go\u015bci 20:19. W drugiej ods\u0142onie poznaniacy zagrali skuteczniej i po wygranej 19:17 schodzili na przerw\u0119 z jednopunktowym prowadzeniem. Po zmianie stron inicjatyw\u0119 przej\u0119li jednak zawodnicy z Prudnika, kt\u00f3rzy zwyci\u0119\u017cyli trzeci\u0105 kwart\u0119 25:19 i przed ostatni\u0105 cz\u0119\u015bci\u0105 meczu byli bli\u017cej zwyci\u0119stwa.<\/p>\n\n\n\n<p>Czwarta kwarta by\u0142a bardzo zaci\u0119ta. Jeszcze pi\u0119\u0107 minut przed ko\u0144cem na tablicy wynik\u00f3w widnia\u0142 remis 71:71. W ko\u0144c\u00f3wce wi\u0119cej zimnej krwi zachowali jednak go\u015bcie, kt\u00f3rzy wykorzystali swoje akcje ofensywne i ostatecznie wygrali 84:77.<\/p>\n\n\n\n<p>Najwi\u0119cej punkt\u00f3w dla Wiary Lecha zdobyli Pawe\u0142 Klimaszewski (19), Kamil Sosi\u0144ski (16) oraz Jakub D\u0142u\u017cy\u0144ski (13). <\/p>\n\n\n\n<p>Nast\u0119pny mecz Wiara Lecha zagra u siebie z rezerwami Basketu Pozna\u0144. Derby odb\u0119d\u0105 si\u0119 w czwartek, 19 marca o godzinie 20:30 na pozna\u0144skiej Chwia\u0142ce.<\/p>\n\n\n\n<p><strong>Wiara Lecha &#8211; Pogo\u0144 Prudnik 77:84<\/strong> (19:20, 19:17, 19:25, 22:22)<br><strong>Wiara Lecha: <\/strong>Pawe\u0142 Klimaszewski 19, Kamil Sosi\u0144ski 16, Jakub D\u0142u\u017cy\u0144ski 13, Kewin Rybarczyk 10, Filip Radzik 8,, Micha\u0142 Tomaszewski 8, Maksymilian Walerych 3.<\/p>\n","protected":false},"excerpt":{"rendered":"<p>W meczu 27. kolejki II ligi koszykarze Wiary Lecha przegrali na wyje\u017adzie z Pogoni\u0105 Prudnik 77:84. Najwi\u0119cej punkt\u00f3w do Niebiesko-Bia\u0142ych zdoby\u0142 Pawe\u0142 Klimaszewski (19).<\/p>\n","protected":false},"author":2,"featured_media":17832,"comment_status":"closed","ping_status":"closed","sticky":false,"template":"","format":"standard","meta":{"_acf_changed":false,"_jetpack_memberships_contains_paid_content":false,"footnotes":""},"categories":[101],"tags":[],"class_list":["post-17831","post","type-post","status-publish","format-standard","has-post-thumbnail","hentry","category-koszykowka"],"acf":[],"jetpack_featured_media_url":"https:\/\/www.wiaralecha.pl\/wp-content\/uploads\/2026\/03\/KWLPOG_relacja.png","jetpack_sharing_enabled":true,"_links":{"self":[{"href":"https:\/\/www.wiaralecha.pl\/index.php\/wp-json\/wp\/v2\/posts\/17831","targetHints":{"allow":["GET"]}}],"collection":[{"href":"https:\/\/www.wiaralecha.pl\/index.php\/wp-json\/wp\/v2\/posts"}],"about":[{"href":"https:\/\/www.wiaralecha.pl\/index.php\/wp-json\/wp\/v2\/types\/post"}],"author":[{"embeddable":true,"href":"https:\/\/www.wiaralecha.pl\/index.php\/wp-json\/wp\/v2\/users\/2"}],"replies":[{"embeddable":true,"href":"https:\/\/www.wiaralecha.pl\/index.php\/wp-json\/wp\/v2\/comments?post=17831"}],"version-history":[{"count":1,"href":"https:\/\/www.wiaralecha.pl\/index.php\/wp-json\/wp\/v2\/posts\/17831\/revisions"}],"predecessor-version":[{"id":17835,"href":"https:\/\/www.wiaralecha.pl\/index.php\/wp-json\/wp\/v2\/posts\/17831\/revisions\/17835"}],"wp:featuredmedia":[{"embeddable":true,"href":"https:\/\/www.wiaralecha.pl\/index.php\/wp-json\/wp\/v2\/media\/17832"}],"wp:attachment":[{"href":"https:\/\/www.wiaralecha.pl\/index.php\/wp-json\/wp\/v2\/media?parent=17831"}],"wp:term":[{"taxonomy":"category","embeddable":true,"href":"https:\/\/www.wiaralecha.pl\/index.php\/wp-json\/wp\/v2\/categories?post=17831"},{"taxonomy":"post_tag","embeddable":true,"href":"https:\/\/www.wiaralecha.pl\/index.php\/wp-json\/wp\/v2\/tags?post=17831"}],"curies":[{"name":"wp","href":"https:\/\/api.w.org\/{rel}","templated":true}]}}