{"id":17838,"date":"2026-03-16T15:12:20","date_gmt":"2026-03-16T14:12:20","guid":{"rendered":"https:\/\/www.wiaralecha.pl\/?p=17838"},"modified":"2026-03-16T17:14:09","modified_gmt":"2026-03-16T16:14:09","slug":"wiara-lecha-i-uniwersytet-im-adama-mickiewicza-rozwijaja-wspolprace","status":"publish","type":"post","link":"https:\/\/www.wiaralecha.pl\/index.php\/2026\/03\/16\/wiara-lecha-i-uniwersytet-im-adama-mickiewicza-rozwijaja-wspolprace\/","title":{"rendered":"Wiara Lecha i Uniwersytet im. Adama Mickiewicza rozwijaj\u0105 wsp\u00f3\u0142prac\u0119"},"content":{"rendered":"\n<h4 class=\"wp-block-heading\"><strong>Stowarzyszenie&nbsp;Wiara Lecha&nbsp;poszerza wsp\u00f3\u0142prac\u0119 z&nbsp;wsp\u00f3\u0142prac\u0119 ze Studium Wychowania Fizycznego i Sportu Uniwersytetu im. Adama Mickiewicza. Po udanym projekcie futsalowym oba podmioty zdecydowa\u0142y si\u0119 na kolejny krok i rozwini\u0119cie dzia\u0142a\u0144 tak\u017ce w trawiastej pi\u0142ce no\u017cnej.<\/strong><\/h4>\n\n\n\n<p>W sezonie 2025\/2026 wsp\u00f3\u0142praca skupia\u0142a si\u0119 na futsalu. W jej ramach powo\u0142ano do \u017cycia zesp\u00f3\u0142 Wiary Lecha AZS UAM, kt\u00f3ry rozpocz\u0105\u0142 rywalizacj\u0119 w III lidze futsalu. R\u00f3wnolegle wsp\u00f3lnymi si\u0142ami organizowano zesp\u00f3\u0142 Sekcji Uniwersytetu im. Adama Mickiewicza w Akademickich Mistrzostwach Polski w futsalu.<\/p>\n\n\n\n<p>Projekt zako\u0144czy\u0142 si\u0119 du\u017cym sukcesem sportowym. Rezerwy Wiary Lecha zaj\u0119\u0142y trzecie miejsce w rozgrywkach III ligi futsalu, natomiast zesp\u00f3\u0142 Uniwersytetu im. Adama Mickiewicza wywalczy\u0142 trzecie miejsce w Akademickich Mistrzostwach Polski oraz zosta\u0142 najlepszym uniwersytetem na futsalowej mapie kraju.<\/p>\n\n\n\n<p>Na bazie tych rezultat\u00f3w Stowarzyszenie Wiara Lecha oraz SWFiS UAM postanowi\u0142y poszerzy\u0107 wsp\u00f3\u0142prac\u0119 tak\u017ce o pi\u0142k\u0119 no\u017cn\u0105 na trawie. Od rundy wiosennej w rozgrywkach A-klasy zesp\u00f3\u0142 rezerw, kt\u00f3ry dotychczas wyst\u0119powa\u0142 na terenie gminy K\u00f3rnik, przeniesie si\u0119 do Poznania na obiekty Uniwersytetu im. Adama Mickiewicza. Dru\u017cyna b\u0119dzie wyst\u0119powa\u0107 pod nazw\u0105&nbsp;<strong>Wiara Lecha II AZS UAM<\/strong>.<\/p>\n\n\n\n<p>B\u0119dzie to kolejny etap rozwoju akademickiej dru\u017cyny pi\u0142karskiej prowadzonej przez trenera Macieja Palk\u0119. W organizacj\u0119 zespo\u0142u &#8211; podobnie jak wcze\u015bniej w przypadku projektu futsalowego &#8211; zaanga\u017cuje si\u0119 r\u00f3wnie\u017c Wiara Lecha.<\/p>\n\n\n\n<p>Trenerem drugiej dru\u017cyny pozostanie Piotr Borowski. Pierwszy domowy mecz w rundzie wiosennej Wiara Lecha AZS UAM rozegra w Wielk\u0105 Sobot\u0119, 4 kwietnia o godzinie 15:00. Rywalem rezerw b\u0119dzie Pelikan \u017bydowo.&nbsp;<\/p>\n","protected":false},"excerpt":{"rendered":"<p>Stowarzyszenie\u00a0Wiara Lecha\u00a0poszerza wsp\u00f3\u0142prac\u0119 z\u00a0wsp\u00f3\u0142prac\u0119 ze Studium Wychowania Fizycznego i Sportu Uniwersytetu im. Adama Mickiewicza. Po udanym projekcie futsalowym oba podmioty zdecydowa\u0142y si\u0119 na kolejny krok i rozwini\u0119cie dzia\u0142a\u0144 tak\u017ce w trawiastej pi\u0142ce no\u017cnej.<\/p>\n","protected":false},"author":2,"featured_media":17839,"comment_status":"closed","ping_status":"closed","sticky":false,"template":"","format":"standard","meta":{"_acf_changed":false,"_jetpack_memberships_contains_paid_content":false,"footnotes":""},"categories":[249,226],"tags":[],"class_list":["post-17838","post","type-post","status-publish","format-standard","has-post-thumbnail","hentry","category-drugi-zespol","category-partner"],"acf":[],"jetpack_featured_media_url":"https:\/\/www.wiaralecha.pl\/wp-content\/uploads\/2026\/03\/Rezerwy_UAM_strona.png","jetpack_sharing_enabled":true,"_links":{"self":[{"href":"https:\/\/www.wiaralecha.pl\/index.php\/wp-json\/wp\/v2\/posts\/17838","targetHints":{"allow":["GET"]}}],"collection":[{"href":"https:\/\/www.wiaralecha.pl\/index.php\/wp-json\/wp\/v2\/posts"}],"about":[{"href":"https:\/\/www.wiaralecha.pl\/index.php\/wp-json\/wp\/v2\/types\/post"}],"author":[{"embeddable":true,"href":"https:\/\/www.wiaralecha.pl\/index.php\/wp-json\/wp\/v2\/users\/2"}],"replies":[{"embeddable":true,"href":"https:\/\/www.wiaralecha.pl\/index.php\/wp-json\/wp\/v2\/comments?post=17838"}],"version-history":[{"count":2,"href":"https:\/\/www.wiaralecha.pl\/index.php\/wp-json\/wp\/v2\/posts\/17838\/revisions"}],"predecessor-version":[{"id":17847,"href":"https:\/\/www.wiaralecha.pl\/index.php\/wp-json\/wp\/v2\/posts\/17838\/revisions\/17847"}],"wp:featuredmedia":[{"embeddable":true,"href":"https:\/\/www.wiaralecha.pl\/index.php\/wp-json\/wp\/v2\/media\/17839"}],"wp:attachment":[{"href":"https:\/\/www.wiaralecha.pl\/index.php\/wp-json\/wp\/v2\/media?parent=17838"}],"wp:term":[{"taxonomy":"category","embeddable":true,"href":"https:\/\/www.wiaralecha.pl\/index.php\/wp-json\/wp\/v2\/categories?post=17838"},{"taxonomy":"post_tag","embeddable":true,"href":"https:\/\/www.wiaralecha.pl\/index.php\/wp-json\/wp\/v2\/tags?post=17838"}],"curies":[{"name":"wp","href":"https:\/\/api.w.org\/{rel}","templated":true}]}}