{"id":18109,"date":"2026-04-27T08:26:45","date_gmt":"2026-04-27T06:26:45","guid":{"rendered":"https:\/\/www.wiaralecha.pl\/?p=18109"},"modified":"2026-04-27T08:26:49","modified_gmt":"2026-04-27T06:26:49","slug":"zapowiedz-srodowego-meczu-warta-miedzychod-wiara-lecha","status":"publish","type":"post","link":"https:\/\/www.wiaralecha.pl\/index.php\/2026\/04\/27\/zapowiedz-srodowego-meczu-warta-miedzychod-wiara-lecha\/","title":{"rendered":"Zapowied\u017a \u015brodowego meczu Warta Mi\u0119dzych\u00f3d &#8211; Wiara Lecha"},"content":{"rendered":"\n<h4 class=\"wp-block-heading\">29 kwietnia o godzinie 18:00 Wiara Lecha zmierzy si\u0119 na wyje\u017adzie z Wart\u0105 Mi\u0119dzych\u00f3d. B\u0119dzie to bezpo\u015bredni pojedynek dru\u017cyn walcz\u0105cych o utrzymanie.<\/h4>\n\n\n\n<p>Po 25 kolejkach Wiara Lecha zajmuje 13. miejsce z dorobkiem 28 punkt\u00f3w. W miniony weekend Lechici powi\u0119kszyli sw\u00f3j dorobek, wygrywaj\u0105c z Piastem Kobylnica 1:0. By\u0142 to trzeci z rz\u0119du mecz przy Gda\u0144skiej, w kt\u00f3rym zdobyli punkty &#8211; wcze\u015bniej zremisowali z Poloni\u0105 Golina (1:1) i pokonali Kani\u0119 Gosty\u0144 (1:0). W ostatnim spotkaniu wyjazdowym przegrali natomiast z Mieszkiem Gniezno 1:3.<\/p>\n\n\n\n<p>Warta Mi\u0119dzych\u00f3d plasuje si\u0119 dwa miejsca ni\u017cej i traci do Kiboli cztery punkty. Beniaminek w rundzie wiosennej jest najs\u0142abiej punktuj\u0105cym zespo\u0142em ligi. Mi\u0119dzychodzianie zdobywali punkty g\u0142\u00f3wnie w starciach z wy\u017cej notowanymi rywalami &#8211; wygrali na wyje\u017adzie z Poloni\u0105 Leszno (3:2) oraz zremisowali u siebie z Poloni\u0105 Chodzie\u017c (1:1). W ostatniej kolejce przegrali w W\u0105growcu z Nielb\u0105 2:3. Na zwyci\u0119stwo czekaj\u0105 od czterech spotka\u0144.<\/p>\n\n\n\n<p>Do tej pory oba zespo\u0142y mierzy\u0142y si\u0119 raz. Jesieni\u0105 w Poznaniu Wiara Lecha wygra\u0142a 5:0 &#8211; by\u0142o to najwy\u017csze zwyci\u0119stwo Poznaniak\u00f3w w historii ich wyst\u0119p\u00f3w w IV lidze. Na list\u0119 strzelc\u00f3w wpisali si\u0119 Jakub Stranz (dwukrotnie), Krzysztof Ratajczak, Gracjan Pachelski oraz Mateusz Szel\u0105g. Warto doda\u0107, \u017ce Szel\u0105g i Bartosz \u015awi\u0105tek w przesz\u0142o\u015bci reprezentowali barwy klubu z Mi\u0119dzychodu.<\/p>\n\n\n\n<p>Mecz 26. kolejki IV ligi Warta Mi\u0119dzych\u00f3d \u2013 Wiara Lecha zostanie rozegrany w \u015brod\u0119, 29 kwietnia o godzinie 18:00 na stadionie przy ul. Sportowej.<\/p>\n","protected":false},"excerpt":{"rendered":"<p>29 kwietnia o godzinie 18:00 Wiara Lecha zmierzy si\u0119 na wyje\u017adzie z Wart\u0105 Mi\u0119dzych\u00f3d. B\u0119dzie to bezpo\u015bredni pojedynek dru\u017cyn walcz\u0105cych o utrzymanie.<\/p>\n","protected":false},"author":2,"featured_media":18111,"comment_status":"closed","ping_status":"closed","sticky":false,"template":"","format":"standard","meta":{"_acf_changed":false,"_jetpack_memberships_contains_paid_content":false,"footnotes":""},"categories":[81],"tags":[],"class_list":["post-18109","post","type-post","status-publish","format-standard","has-post-thumbnail","hentry","category-zapowiedz-meczu"],"acf":[],"jetpack_featured_media_url":"https:\/\/www.wiaralecha.pl\/wp-content\/uploads\/2026\/04\/DWLMIE_zapowiedz.png","jetpack_sharing_enabled":true,"_links":{"self":[{"href":"https:\/\/www.wiaralecha.pl\/index.php\/wp-json\/wp\/v2\/posts\/18109","targetHints":{"allow":["GET"]}}],"collection":[{"href":"https:\/\/www.wiaralecha.pl\/index.php\/wp-json\/wp\/v2\/posts"}],"about":[{"href":"https:\/\/www.wiaralecha.pl\/index.php\/wp-json\/wp\/v2\/types\/post"}],"author":[{"embeddable":true,"href":"https:\/\/www.wiaralecha.pl\/index.php\/wp-json\/wp\/v2\/users\/2"}],"replies":[{"embeddable":true,"href":"https:\/\/www.wiaralecha.pl\/index.php\/wp-json\/wp\/v2\/comments?post=18109"}],"version-history":[{"count":1,"href":"https:\/\/www.wiaralecha.pl\/index.php\/wp-json\/wp\/v2\/posts\/18109\/revisions"}],"predecessor-version":[{"id":18113,"href":"https:\/\/www.wiaralecha.pl\/index.php\/wp-json\/wp\/v2\/posts\/18109\/revisions\/18113"}],"wp:featuredmedia":[{"embeddable":true,"href":"https:\/\/www.wiaralecha.pl\/index.php\/wp-json\/wp\/v2\/media\/18111"}],"wp:attachment":[{"href":"https:\/\/www.wiaralecha.pl\/index.php\/wp-json\/wp\/v2\/media?parent=18109"}],"wp:term":[{"taxonomy":"category","embeddable":true,"href":"https:\/\/www.wiaralecha.pl\/index.php\/wp-json\/wp\/v2\/categories?post=18109"},{"taxonomy":"post_tag","embeddable":true,"href":"https:\/\/www.wiaralecha.pl\/index.php\/wp-json\/wp\/v2\/tags?post=18109"}],"curies":[{"name":"wp","href":"https:\/\/api.w.org\/{rel}","templated":true}]}}