{"id":18110,"date":"2026-04-27T08:27:00","date_gmt":"2026-04-27T06:27:00","guid":{"rendered":"https:\/\/www.wiaralecha.pl\/?p=18110"},"modified":"2026-04-27T08:27:05","modified_gmt":"2026-04-27T06:27:05","slug":"amd-sport-partnerem-wyjazdowym-wiary-lecha","status":"publish","type":"post","link":"https:\/\/www.wiaralecha.pl\/index.php\/2026\/04\/27\/amd-sport-partnerem-wyjazdowym-wiary-lecha\/","title":{"rendered":"AMD Sport partnerem wyjazdowym Wiary Lecha"},"content":{"rendered":"\n<h4 class=\"wp-block-heading\"><strong>Wiara Lecha nawi\u0105za\u0142a wsp\u00f3\u0142prac\u0119 z firm\u0105 AMD Sport, kt\u00f3ra zosta\u0142a partnerem wyjazd\u00f3w meczowych zespo\u0142u do ko\u0144ca sezonu 2025\/2026.<\/strong> <\/h4>\n\n\n\n<p>W ramach wsp\u00f3\u0142pracy AMD Sport wesprze dru\u017cyn\u0119 podczas wyjazd\u00f3w na spotkania IV ligi \u2013 do Mi\u0119dzychodu, Kobylej G\u00f3ry, Konina, Ostrowa Wielkopolskiego, Leszna oraz Pobiedzisk.<\/p>\n\n\n\n<p>AMD Sport dzia\u0142a na rynku od 2007 roku i specjalizuje si\u0119 w budowie oraz modernizacji infrastruktury sportowej. Firma realizuje kompleksowe projekty boisk pi\u0142karskich &#8211; zar\u00f3wno pe\u0142nowymiarowych, jak i obiekt\u00f3w typu Orlik &#8211; wraz z niezb\u0119dnym wyposa\u017ceniem.<\/p>\n\n\n\n<p>Przedsi\u0119biorstwo wsp\u00f3\u0142pracuje z renomowanymi producentami traw syntetycznych posiadaj\u0105cych certyfikaty FIFA Quality oraz FIFA Quality PRO, a tak\u017ce z dostawcami infrastruktury sportowej w Polsce i Europie. Zapewnia wsparcie na ka\u017cdym etapie inwestycji &#8211; od planowania i projektowania, po dob\u00f3r technologii i materia\u0142\u00f3w dopasowanych do bud\u017cetu.<\/p>\n\n\n\n<p>AMD Sport realizuje r\u00f3wnie\u017c obiekty wielofunkcyjne, systemy poliuretanowe dla szk\u00f3\u0142, place zabaw, si\u0142ownie zewn\u0119trzne oraz obiekty lekkoatletyczne, oferuj\u0105c sprawdzone i certyfikowane rozwi\u0105zania technologiczne.<\/p>\n\n\n\n<p>Wsp\u00f3\u0142prac\u0119 z AMD Sport mo\u017cna nawi\u0105za\u0107 telefonicznie: 605 740 780, 535 500 270 lub mailowo: <a href=\"mailto:biuro@amdsport.pl\">biuro@amdsport.pl<\/a>. Strona internetowa:\u00a0<a href=\"http:\/\/www.amdsport.pl\/\">www.amdsport.pl<\/a>.<\/p>\n","protected":false},"excerpt":{"rendered":"<p>Wiara Lecha nawi\u0105za\u0142a wsp\u00f3\u0142prac\u0119 z firm\u0105 AMD Sport, kt\u00f3ra zosta\u0142a partnerem wyjazd\u00f3w meczowych zespo\u0142u do ko\u0144ca sezonu 2025\/2026.<\/p>\n","protected":false},"author":2,"featured_media":18112,"comment_status":"closed","ping_status":"closed","sticky":false,"template":"","format":"standard","meta":{"_acf_changed":false,"_jetpack_memberships_contains_paid_content":false,"footnotes":""},"categories":[226],"tags":[],"class_list":["post-18110","post","type-post","status-publish","format-standard","has-post-thumbnail","hentry","category-partner"],"acf":[],"jetpack_featured_media_url":"https:\/\/www.wiaralecha.pl\/wp-content\/uploads\/2026\/04\/DWL_AMD.png","jetpack_sharing_enabled":true,"_links":{"self":[{"href":"https:\/\/www.wiaralecha.pl\/index.php\/wp-json\/wp\/v2\/posts\/18110","targetHints":{"allow":["GET"]}}],"collection":[{"href":"https:\/\/www.wiaralecha.pl\/index.php\/wp-json\/wp\/v2\/posts"}],"about":[{"href":"https:\/\/www.wiaralecha.pl\/index.php\/wp-json\/wp\/v2\/types\/post"}],"author":[{"embeddable":true,"href":"https:\/\/www.wiaralecha.pl\/index.php\/wp-json\/wp\/v2\/users\/2"}],"replies":[{"embeddable":true,"href":"https:\/\/www.wiaralecha.pl\/index.php\/wp-json\/wp\/v2\/comments?post=18110"}],"version-history":[{"count":1,"href":"https:\/\/www.wiaralecha.pl\/index.php\/wp-json\/wp\/v2\/posts\/18110\/revisions"}],"predecessor-version":[{"id":18114,"href":"https:\/\/www.wiaralecha.pl\/index.php\/wp-json\/wp\/v2\/posts\/18110\/revisions\/18114"}],"wp:featuredmedia":[{"embeddable":true,"href":"https:\/\/www.wiaralecha.pl\/index.php\/wp-json\/wp\/v2\/media\/18112"}],"wp:attachment":[{"href":"https:\/\/www.wiaralecha.pl\/index.php\/wp-json\/wp\/v2\/media?parent=18110"}],"wp:term":[{"taxonomy":"category","embeddable":true,"href":"https:\/\/www.wiaralecha.pl\/index.php\/wp-json\/wp\/v2\/categories?post=18110"},{"taxonomy":"post_tag","embeddable":true,"href":"https:\/\/www.wiaralecha.pl\/index.php\/wp-json\/wp\/v2\/tags?post=18110"}],"curies":[{"name":"wp","href":"https:\/\/api.w.org\/{rel}","templated":true}]}}