{"id":18808,"date":"2026-08-31T15:49:04","date_gmt":"2026-08-31T13:49:04","guid":{"rendered":"https:\/\/www.wiaralecha.pl\/?p=18808"},"modified":"2026-08-31T15:49:05","modified_gmt":"2026-08-31T13:49:05","slug":"15-la-temu-wiara-lecha-rozegrala-pierwszy-oficjalny-mecz","status":"publish","type":"post","link":"https:\/\/www.wiaralecha.pl\/index.php\/2026\/08\/31\/15-la-temu-wiara-lecha-rozegrala-pierwszy-oficjalny-mecz\/","title":{"rendered":"15 la temu Wiara Lecha rozegra\u0142a pierwszy oficjalny mecz"},"content":{"rendered":"\n<h4 class=\"wp-block-heading\">Dok\u0142adnie 15 lat temu, 31 sierpnia 2011 roku, Dru\u017cyna Wiary Lecha rozegra\u0142a pierwszy oficjalny mecz w swojej historii. Pojedynek w ramach II rundy okr\u0119gowego Pucharu Polski przeciwko Boli Pozna\u0144 zako\u0144czy\u0142 si\u0119 zwyci\u0119stwem Kiboli 6:0. Na trybunach stadionu przy al. Armii Pozna\u0144 pojawi\u0142o si\u0119 ponad 500 os\u00f3b.<\/h4>\n\n\n\n<p class=\"wp-block-paragraph\">Pomys\u0142 na zg\u0142oszenie zespo\u0142u kibic\u00f3w do oficjalnych rozgrywek pojawi\u0142 si\u0119 kilka tygodni po finale Pucharu Polski rozegranym w Bydgoszczy. Dru\u017cyna Wiary Lecha wcze\u015bniej wyst\u0119powa\u0142a w ligach amatorskich, mi\u0119dzy innymi na WL Lidze, oraz w turniejach charytatywnych. \u00d3wczesne w\u0142adze Stowarzyszenia postanowi\u0142y zrobi\u0107 kolejny krok i zg\u0142osi\u0107 zesp\u00f3\u0142 do rozgrywek Pucharu Polski. 30 czerwca 2011 roku do Wielkopolskiego Zwi\u0105zku Pi\u0142ki No\u017cnej wp\u0142yn\u0119\u0142o oficjalne zg\u0142oszenie.<\/p>\n\n\n\n<p class=\"wp-block-paragraph\">Dru\u017cyna rozpocz\u0119\u0142a treningi w po\u0142owie lipca, a jej trenerem zosta\u0142 Dariusz Kusto\u0144. W pierwszym sparingu Kibole zremisowali z Bol\u0105 Pozna\u0144 1:1. Z tym samym rywalem Wiara Lecha mia\u0142a p\u00f3\u017aniej zmierzy\u0107 si\u0119 w premierowym oficjalnym spotkaniu.<\/p>\n\n\n\n<p class=\"wp-block-paragraph\">Wcze\u015bniej odby\u0142a si\u0119 jednak I runda okr\u0119gowego Pucharu Polski, w kt\u00f3rej Lechici trafili na SKS 13 Pozna\u0144. Do pojedynku nie dosz\u0142o &#8211; rywale nie dope\u0142nili formalno\u015bci i przegrali walkowerem. Wiara Lecha awansowa\u0142a wi\u0119c do II rundy, gdzie czeka\u0142a ju\u017c wyst\u0119puj\u0105ca w B-klasie Bola Pozna\u0144.<\/p>\n\n\n\n<p class=\"wp-block-paragraph\">Historyczny mecz odby\u0142 si\u0119 w \u015brod\u0119, 31 sierpnia 2011 roku o godz. 18:00. Na trybunach pojawi\u0142o si\u0119 ponad 500 os\u00f3b z flagami, dopingiem i racami. Na froncie pojawi\u0142a si\u0119 g\u0142\u00f3wna i legendarna fana \u201eKolejorz\u201d. Kibole nie zawiedli swoich koleg\u00f3w na trybunach &#8211; wygrali 6:0 i awansowali do kolejnej rundy Pucharu Polski.<\/p>\n\n\n\n<p class=\"wp-block-paragraph\">Tak rozpocz\u0119\u0142a si\u0119 historia Dru\u017cyny Wiary Lecha w oficjalnych rozgrywkach. Historia, kt\u00f3r\u0105 od 15 lat niezmiennie nap\u0119dzaj\u0105 pasja, zaanga\u017cowanie i mi\u0142o\u015b\u0107 do Lecha Pozna\u0144.<\/p>\n\n\n\n<p class=\"wp-block-paragraph\">Zapraszamy na relacj\u0119 ze strony oficjalnej Lecha Pozna\u0144:<\/p>\n\n\n\n<p class=\"wp-block-paragraph\"><strong><em>Kibole graj\u0105 dalej<\/em><\/strong><\/p>\n\n\n\n<p class=\"wp-block-paragraph\"><strong><em>W meczu II rundy Pucharu Polski na szczeblu okr\u0119gu zesp\u00f3\u0142 KKS Wiara Lecha Pozna\u0144 rozgromi\u0142 Bol\u0119 06 Pozna\u0144 6:0 i awansowa\u0142 do kolejnej fazy rozgrywek.<\/em><\/strong><\/p>\n\n\n\n<p class=\"wp-block-paragraph\"><em>Zesp\u00f3\u0142 kibic\u00f3w by\u0142 wielk\u0105 niewiadom\u0105. To jest ich debiutancki start w rozgrywkach Pucharu Polski, a w pierwszej rundzie dostali walkowera od Pozna\u0144skiej Trzynastki. \u2013 To jest zesp\u00f3\u0142 z\u0142o\u017cony z zawodnik\u00f3w graj\u0105cych w r\u00f3\u017cnych ligach amatorskich, ale na zmniejszonych boiskach. Praktycznie \u017caden z nich nie ma do\u015bwiadczenia w grze na pe\u0142nowymiarowym placu \u2013 m\u00f3wi\u0142 przed meczem cz\u0142onek stowarzyszenia Wiara Lecha Marcin Kawka.<\/em><\/p>\n\n\n\n<p class=\"wp-block-paragraph\"><em>Na pocz\u0105tku spotkania rzeczywi\u015bcie by\u0142o to wida\u0107. Pi\u0142karze Boli czuli si\u0119 pewniej, bo na co dzie\u0144 graj\u0105 w rozgrywkach B-klasy. Z czasem jednak zacz\u0119\u0142a rozkr\u0119ca\u0107 si\u0119 Wiara Lecha wspierana przez 500-osobow\u0105 grup\u0119 oflagowanych kibic\u00f3w, kt\u00f3rzy przygotowali na to spotkanie kilka niespodzianek. W 13 minucie po strzale Artura Adamskiego Wiara Lecha obj\u0119\u0142a prowadzenie. To wyra\u017anie uspokoi\u0142o ich poczynania i w dalszej cz\u0119\u015bci meczu nie pozostawili rywalom z\u0142udze\u0144. Jeszcze przed przerw\u0105 na list\u0119 strzelc\u00f3w wpisali si\u0119 Miko\u0142aj Miku\u0142an i Dariusz Oleszak i Wiara Lecha prowadzi\u0142a 3:0.<\/em><\/p>\n\n\n\n<p class=\"wp-block-paragraph\"><em>W drugiej po\u0142owie obraz gry si\u0119 nie zmieni\u0142. Bola bardzo rzadko zagra\u017ca\u0142a bramce kiboli, a je\u015bli ju\u017c to czyni\u0142a to jej gracze niemi\u0142osiernie pud\u0142owali. Wiara Lecha z kolei konsekwentnie powi\u0119ksza\u0142a sw\u00f3j dorobek. Swoje drugie gole w meczu zdobyli Adamski i Miku\u0142an, a wynik spotkania ustali\u0142 Micha\u0142 Stachowiak. \u2013 Jeste\u015bmy bardzo zadowoleni. Dla nas by\u0142 to pierwszy mecz na pe\u0142nowymiarowym boisku i jego wynik jest bardzo okaza\u0142y. Cieszymy si\u0119, \u017ce ta zabawa b\u0119dzie trwa\u0107 dalej \u2013 powiedzia\u0142 po meczu strzelec dw\u00f3ch bramek Artur Adamski.<\/em><\/p>\n\n\n\n<p class=\"wp-block-paragraph\"><strong><em>KKS Wiara Lecha Pozna\u0144 \u2013 Bola 06 Pozna\u0144 6:0 (3:0)<\/em><\/strong><\/p>\n\n\n\n<p class=\"wp-block-paragraph\"><em>Bramki: 1:0 Adamski (13), 2:0 Miku\u0142an (37-karny), 3:0 Oleszak (45), 4:0 Adamski (55), 5:0 Miku\u0142an (76), 6:0 Stachowiak (86)<\/em><\/p>\n","protected":false},"excerpt":{"rendered":"<p>Dok\u0142adnie 15 lat temu, 31 sierpnia 2011 roku, Dru\u017cyna Wiary Lecha rozegra\u0142a pierwszy oficjalny mecz w swojej historii. Pojedynek w ramach II rundy okr\u0119gowego Pucharu Polski przeciwko Boli Pozna\u0144 zako\u0144czy\u0142 si\u0119 zwyci\u0119stwem Kiboli 6:0. Na trybunach stadionu przy al. Armii Pozna\u0144 pojawi\u0142o si\u0119 ponad 500 os\u00f3b.<\/p>\n","protected":false},"author":2,"featured_media":18810,"comment_status":"closed","ping_status":"closed","sticky":false,"template":"","format":"standard","meta":{"_acf_changed":false,"advanced_seo_description":"","jetpack_seo_html_title":"","jetpack_seo_noindex":false,"jetpack_seo_schema_type":"","_jetpack_newsletter_access":"","_jetpack_dont_email_post_to_subs":false,"_jetpack_newsletter_tier_id":0,"_jetpack_memberships_contains_paywalled_content":false,"_jetpack_feature_clip_id":0,"_jetpack_memberships_contains_paid_content":false,"footnotes":"","jetpack_post_was_ever_published":false},"categories":[91],"tags":[],"class_list":["post-18808","post","type-post","status-publish","format-standard","has-post-thumbnail","hentry","category-wiesci-z-klubu"],"mb":[],"acf":[],"jetpack_sharing_enabled":true,"jetpack_featured_media_url":"https:\/\/www.wiaralecha.pl\/wp-content\/uploads\/2026\/08\/15_DWL_mecz_strona.png","mfb_rest_fields":["title","jetpack_sharing_enabled","jetpack_featured_media_url"],"_links":{"self":[{"href":"https:\/\/www.wiaralecha.pl\/index.php\/wp-json\/wp\/v2\/posts\/18808","targetHints":{"allow":["GET"]}}],"collection":[{"href":"https:\/\/www.wiaralecha.pl\/index.php\/wp-json\/wp\/v2\/posts"}],"about":[{"href":"https:\/\/www.wiaralecha.pl\/index.php\/wp-json\/wp\/v2\/types\/post"}],"author":[{"embeddable":true,"href":"https:\/\/www.wiaralecha.pl\/index.php\/wp-json\/wp\/v2\/users\/2"}],"replies":[{"embeddable":true,"href":"https:\/\/www.wiaralecha.pl\/index.php\/wp-json\/wp\/v2\/comments?post=18808"}],"version-history":[{"count":1,"href":"https:\/\/www.wiaralecha.pl\/index.php\/wp-json\/wp\/v2\/posts\/18808\/revisions"}],"predecessor-version":[{"id":18809,"href":"https:\/\/www.wiaralecha.pl\/index.php\/wp-json\/wp\/v2\/posts\/18808\/revisions\/18809"}],"wp:featuredmedia":[{"embeddable":true,"href":"https:\/\/www.wiaralecha.pl\/index.php\/wp-json\/wp\/v2\/media\/18810"}],"wp:attachment":[{"href":"https:\/\/www.wiaralecha.pl\/index.php\/wp-json\/wp\/v2\/media?parent=18808"}],"wp:term":[{"taxonomy":"category","embeddable":true,"href":"https:\/\/www.wiaralecha.pl\/index.php\/wp-json\/wp\/v2\/categories?post=18808"},{"taxonomy":"post_tag","embeddable":true,"href":"https:\/\/www.wiaralecha.pl\/index.php\/wp-json\/wp\/v2\/tags?post=18808"}],"curies":[{"name":"wp","href":"https:\/\/api.w.org\/{rel}","templated":true}]}}