{"id":18827,"date":"2026-09-03T21:23:34","date_gmt":"2026-09-03T19:23:34","guid":{"rendered":"https:\/\/www.wiaralecha.pl\/?p=18827"},"modified":"2026-09-03T21:23:36","modified_gmt":"2026-09-03T19:23:36","slug":"przed-meczem-z-rezerwami-unii-swarzedz","status":"publish","type":"post","link":"https:\/\/www.wiaralecha.pl\/index.php\/2026\/09\/03\/przed-meczem-z-rezerwami-unii-swarzedz\/","title":{"rendered":"Przed meczem z rezerwami Unii Swarz\u0119dz"},"content":{"rendered":"\n<h4 class=\"wp-block-heading\">Druga dru\u017cyna trzecioligowej Unii Swarz\u0119dz b\u0119dzie najbli\u017cszym rywalem Wiary Lecha. Pojedynek w ramach 5. kolejki V ligi odb\u0119dzie si\u0119 w sobot\u0119, 5 wrze\u015bnia o godzinie 14:00.<\/h4>\n\n\n\n<p class=\"wp-block-paragraph\">W ubieg\u0142ym tygodniu zako\u0144czy\u0142a si\u0119 sierpniowa kampania w V lidze. Wiara Lecha, cho\u0107 rozegra\u0142a jeden mecz mniej od zespo\u0142\u00f3w ze \u015bcis\u0142ej czo\u0142\u00f3wki, zajmuje pierwsze miejsce w tabeli z kompletem trzech zwyci\u0119stw. Nad najbli\u017cszym przeciwnikiem Lechici maj\u0105 dwa punkty przewagi. Rezerwy Unii zgromadzi\u0142y siedem oczek za dwie wyjazdowe wygrane (w Kostrzynie 1:0 i w Poznaniu z SKS 13 5:2) oraz jeden domowy remis (z SKP S\u0142upc\u0105 2:2). Unici przegrali jeden mecz \u2013 inauguracyjny, z Wilkami Wilczyn 1:2.<\/p>\n\n\n\n<p class=\"wp-block-paragraph\">Druga dru\u017cyna trzecioligowca ze Swarz\u0119dza po reaktywacji rozgrywa czwarty sezon. Poprzednie trzy ko\u0144czy\u0142y si\u0119 za ka\u017cdym razem awansem. Unia II przeby\u0142a drog\u0119 z B-klasy do V ligi, odnosz\u0105c 57 zwyci\u0119stw w 76 meczach.<\/p>\n\n\n\n<p class=\"wp-block-paragraph\">B\u0119dzie to pierwszy oficjalny mecz Wiary Lecha z Uni\u0105 II Swarz\u0119dz. Oba zespo\u0142y spotka\u0142y si\u0119 ze sob\u0105 podczas letnich przygotowa\u0144. Pojedynek, kt\u00f3ry zosta\u0142 rozegrany w Swarz\u0119dzu, zako\u0144czy\u0142 si\u0119 remisem 2:2. Dla DWL bramki strzelali Micha\u0142 Ochma\u0144ski i Mateusz Szel\u0105g.<\/p>\n\n\n\n<p class=\"wp-block-paragraph\">Dla Wiary Lecha b\u0119dzie to trzecia wizyta w meblowym mie\u015bcie w oficjalnych rozgrywkach. Poprzednie dwie ko\u0144czy\u0142y si\u0119 zwyci\u0119stwami. We wrze\u015bniu 2018 roku Kibole pokonali w okr\u0119gowym Pucharze Polski Meblorza Swarz\u0119dz 1:0, a w marcu zesz\u0142ego roku ograli na boisku ze sztuczn\u0105 nawierzchni\u0105 Piasta Kobylnica 4:1.<\/p>\n\n\n\n<p class=\"wp-block-paragraph\">Mecz 5. kolejki V ligi Unia II Swarz\u0119dz \u2013 Wiara Lecha odb\u0119dzie si\u0119 w sobot\u0119, 5 wrze\u015bnia o godzinie 14:00. Spotkanie zostanie rozegrane na stadionie przy ulicy \u015awi\u0119tego Marcina lub \u2013 je\u015bli pogoda pokrzy\u017cuje plany \u2013 na boisku ze sztuczn\u0105 nawierzchni\u0105 znajduj\u0105cym si\u0119 za g\u0142\u00f3wnym obiektem trzecioligowca.<\/p>\n","protected":false},"excerpt":{"rendered":"<p>Druga dru\u017cyna trzecioligowej Unii Swarz\u0119dz b\u0119dzie najbli\u017cszym rywalem Wiary Lecha. Pojedynek w ramach 5. kolejki V ligi odb\u0119dzie si\u0119 w sobot\u0119, 5 wrze\u015bnia o godzinie 14:00.<\/p>\n","protected":false},"author":2,"featured_media":18828,"comment_status":"closed","ping_status":"closed","sticky":false,"template":"","format":"standard","meta":{"_acf_changed":false,"advanced_seo_description":"","jetpack_seo_html_title":"","jetpack_seo_noindex":false,"jetpack_seo_schema_type":"","_jetpack_newsletter_access":"","_jetpack_dont_email_post_to_subs":false,"_jetpack_newsletter_tier_id":0,"_jetpack_memberships_contains_paywalled_content":false,"_jetpack_feature_clip_id":0,"_jetpack_memberships_contains_paid_content":false,"footnotes":"","jetpack_post_was_ever_published":false},"categories":[81],"tags":[],"class_list":["post-18827","post","type-post","status-publish","format-standard","has-post-thumbnail","hentry","category-zapowiedz-meczu"],"mb":[],"acf":[],"jetpack_sharing_enabled":true,"jetpack_featured_media_url":"https:\/\/www.wiaralecha.pl\/wp-content\/uploads\/2026\/09\/UNIDWL_zapowiedz_liga.png","mfb_rest_fields":["title","jetpack_sharing_enabled","jetpack_featured_media_url"],"_links":{"self":[{"href":"https:\/\/www.wiaralecha.pl\/index.php\/wp-json\/wp\/v2\/posts\/18827","targetHints":{"allow":["GET"]}}],"collection":[{"href":"https:\/\/www.wiaralecha.pl\/index.php\/wp-json\/wp\/v2\/posts"}],"about":[{"href":"https:\/\/www.wiaralecha.pl\/index.php\/wp-json\/wp\/v2\/types\/post"}],"author":[{"embeddable":true,"href":"https:\/\/www.wiaralecha.pl\/index.php\/wp-json\/wp\/v2\/users\/2"}],"replies":[{"embeddable":true,"href":"https:\/\/www.wiaralecha.pl\/index.php\/wp-json\/wp\/v2\/comments?post=18827"}],"version-history":[{"count":1,"href":"https:\/\/www.wiaralecha.pl\/index.php\/wp-json\/wp\/v2\/posts\/18827\/revisions"}],"predecessor-version":[{"id":18829,"href":"https:\/\/www.wiaralecha.pl\/index.php\/wp-json\/wp\/v2\/posts\/18827\/revisions\/18829"}],"wp:featuredmedia":[{"embeddable":true,"href":"https:\/\/www.wiaralecha.pl\/index.php\/wp-json\/wp\/v2\/media\/18828"}],"wp:attachment":[{"href":"https:\/\/www.wiaralecha.pl\/index.php\/wp-json\/wp\/v2\/media?parent=18827"}],"wp:term":[{"taxonomy":"category","embeddable":true,"href":"https:\/\/www.wiaralecha.pl\/index.php\/wp-json\/wp\/v2\/categories?post=18827"},{"taxonomy":"post_tag","embeddable":true,"href":"https:\/\/www.wiaralecha.pl\/index.php\/wp-json\/wp\/v2\/tags?post=18827"}],"curies":[{"name":"wp","href":"https:\/\/api.w.org\/{rel}","templated":true}]}}