{"id":18831,"date":"2026-09-04T23:05:43","date_gmt":"2026-09-04T21:05:43","guid":{"rendered":"https:\/\/www.wiaralecha.pl\/?p=18831"},"modified":"2026-09-04T23:05:47","modified_gmt":"2026-09-04T21:05:47","slug":"pierwszy-wyjazd-futsal-wiary-lecha-wicemistrz-polski-podejmie-niebiesko-bialych-w-przemyslu","status":"publish","type":"post","link":"https:\/\/www.wiaralecha.pl\/index.php\/2026\/09\/04\/pierwszy-wyjazd-futsal-wiary-lecha-wicemistrz-polski-podejmie-niebiesko-bialych-w-przemyslu\/","title":{"rendered":"Pierwszy wyjazd Futsal Wiary Lecha. Wicemistrz Polski podejmie niebiesko-bia\u0142ych w Przemy\u015blu."},"content":{"rendered":"\n<p class=\"wp-block-paragraph\">fot. Kacper Paterski<\/p>\n\n\n\n<h4 class=\"wp-block-heading\">Przed futsalistami Wiary Lecha pierwszy wyjazdowy mecz w historii wyst\u0119p\u00f3w w FOGO Futsal Ekstraklasie. W sobot\u0119, 5 wrze\u015bnia o godzinie 16:00 Niebiesko-Biali zmierz\u0105 si\u0119 z TEXOM Eurobusem Przemy\u015bl. Rywalem beniaminka b\u0119dzie aktualny wicemistrz Polski i jeden z g\u0142\u00f3wnych kandydat\u00f3w do walki o z\u0142oto w sezonie 2026\/2027.<\/h4>\n\n\n\n<p class=\"wp-block-paragraph\">Dla zespo\u0142u prowadzonego przez Orlando Duarte b\u0119dzie to drugie spotkanie w najwy\u017cszej klasie rozgrywkowej. Historyczny debiut przyni\u00f3s\u0142 Wierze Lecha pierwszy punkt. Poznaniacy zremisowali przed w\u0142asn\u0105 publiczno\u015bci\u0105 z JAXAN \u015al\u0105skiem Wroc\u0142aw 3:3, cho\u0107 przez d\u0142ugi czas wszystko wskazywa\u0142o na komplet punkt\u00f3w. Niebiesko-Biali prowadzili ju\u017c 3:1, a bramk\u0119 pozbawiaj\u0105c\u0105 ich zwyci\u0119stwa stracili zaledwie siedem sekund przed ko\u0144cem spotkania. Do siatki dla Wiary trafiali Oussama El Metmary, Piotr Rykaczewski i Jakub Koz\u0142owski.<\/p>\n\n\n\n<p class=\"wp-block-paragraph\">Teraz poprzeczka pow\u0119druje jeszcze wy\u017cej. TEXOM Eurobus w poprzednim sezonie wygra\u0142 faz\u0119 zasadnicz\u0105 FOGO Futsal Ekstraklasy, odnosz\u0105c 26 zwyci\u0119stw w 30 spotkaniach. Przemy\u015blanie dotarli nast\u0119pnie a\u017c do fina\u0142u fazy play-off, w kt\u00f3rym musieli uzna\u0107 wy\u017cszo\u015b\u0107 Piasta Gliwice, ko\u0144cz\u0105c najlepszy sezon w historii klubu ze srebrnym medalem mistrzostw Polski.<\/p>\n\n\n\n<p class=\"wp-block-paragraph\">Ambicje gospodarzy na obecne rozgrywki s\u0105 jednak jeszcze wi\u0119ksze. Latem dru\u017cyn\u0119 przej\u0105\u0142 <strong>Marcos Sorato<\/strong>. Brazylijski szkoleniowiec jest bardzo rozpoznawaln\u0105 postaci\u0105 w \u015bwiatowym futsalu. W 2012 roku jako selekcjoner reprezentacji Brazylii doprowadzi\u0142 j\u0105 do mistrzostwa \u015bwiata. W swojej karierze pracowa\u0142 r\u00f3wnie\u017c mi\u0119dzy innymi we W\u0142oszech, Kuwejcie, Zjednoczonych Emiratach Arabskich i Chinach.<\/p>\n\n\n\n<p class=\"wp-block-paragraph\">R\u00f3wnie imponuj\u0105co wygl\u0105da kadra najbli\u017cszego rywala Wiary Lecha. Jedn\u0105 z jej najwi\u0119kszych gwiazd jest <strong>F\u00e1bio Cec\u00edlio<\/strong>, wielokrotny reprezentant Portugalii, mistrz \u015bwiata z 2021 roku oraz dwukrotny mistrz Europy z 2018 i 2022 roku.<\/p>\n\n\n\n<p class=\"wp-block-paragraph\">Ogromn\u0105 si\u0142\u0119 zespo\u0142u stanowi\u0105 tak\u017ce reprezentanci Ukrainy. <strong>Danyil Abakshyn, Artem Fareniuk, Ihor Korsun, Nazar Szwed czy Rostyslav Semenchenko<\/strong> maj\u0105 za sob\u0105 wyst\u0119py na najwy\u017cszym mi\u0119dzynarodowym poziomie. Ukraina w 2024 roku zdoby\u0142a historyczny br\u0105zowy medal mistrzostw \u015bwiata, a Abakshyn zako\u0144czy\u0142 turniej z siedmioma bramkami i sze\u015bcioma asystami.<\/p>\n\n\n\n<p class=\"wp-block-paragraph\">W Przemy\u015blu pozosta\u0142 tak\u017ce niezwykle skuteczny <strong>Artem Fareniuk<\/strong>, kt\u00f3ry w poprzednim sezonie zdobywa\u0142 dla Eurobusu bramk\u0119 za bramk\u0105. Latem zesp\u00f3\u0142 zosta\u0142 dodatkowo wzmocniony mi\u0119dzy innymi Pedro Pereir\u0105, Ihorem Korsunem, reprezentantem Finlandii Aleksim Pirttijokim oraz Hiszpanem Juanquim. Ten ostatni jest by\u0142ym reprezentantem Hiszpanii i by\u0142ym kr\u00f3lem strzelc\u00f3w hiszpa\u0144skiej ligi. W sezonie 2015\/2016 zdoby\u0142 w niej 34 bramki.<\/p>\n\n\n\n<p class=\"wp-block-paragraph\">Eurobus dobrze rozpocz\u0105\u0142 r\u00f3wnie\u017c obecne rozgrywki. W pierwszej kolejce przemy\u015blanie wygrali na wyje\u017adzie z We-Metem Futsal Club Gmina Sierakowice 3:0 i z kompletem punkt\u00f3w przyst\u0105pi\u0105 do pierwszego domowego spotkania nowego sezonu. Wiara Lecha po remisie ze \u015al\u0105skiem ma na swoim koncie jeden punkt.<\/p>\n\n\n\n<p class=\"wp-block-paragraph\">Sobotnie spotkanie nie odb\u0119dzie si\u0119 jednak w g\u0142\u00f3wnej hali POSiR. Ze wzgl\u0119du na trwaj\u0105c\u0105 wymian\u0119 parkietu w obiekcie przy ulicy Mickiewicza Eurobus swoje domowe mecze rozgrywa obecnie w <strong>hali sportowej Szko\u0142y Podstawowej nr 14 przy ul. Borelowskiego 12 w Przemy\u015blu<\/strong>.<\/p>\n\n\n\n<p class=\"wp-block-paragraph\">Dla Niebiesko-Bia\u0142ych b\u0119dzie to zatem pierwszy ekstraklasowy wyjazd i jednocze\u015bnie konfrontacja z jednym z najmocniejszych zespo\u0142\u00f3w w Polsce. Po dobrym debiucie przeciwko \u015al\u0105skowi poznaniacy stan\u0105 przed kolejn\u0105 okazj\u0105, by pokaza\u0107, \u017ce mimo statusu beniaminka zamierzaj\u0105 odwa\u017cnie rywalizowa\u0107 z najlepszymi.<\/p>\n\n\n\n<p class=\"wp-block-paragraph\"><strong>TEXOM Eurobus Przemy\u015bl &#8211; Futsal Wiara Lecha <\/strong><br><strong>Sobota, 5 wrze\u015bnia 2026 roku, godz. 16:00<\/strong><br><strong>Hala sportowa SP nr 14, ul. Borelowskiego 12, Przemy\u015bl<\/strong><br><strong>2. kolejka FOGO Futsal Ekstraklasy<\/strong><\/p>\n","protected":false},"excerpt":{"rendered":"<p>fot. Kacper Paterski Przed futsalistami Wiary Lecha pierwszy wyjazdowy mecz w historii wyst\u0119p\u00f3w w FOGO Futsal Ekstraklasie. W sobot\u0119, 5 wrze\u015bnia o godzinie 16:00 Niebiesko-Biali zmierz\u0105 si\u0119 z TEXOM Eurobusem Przemy\u015bl. Rywalem beniaminka b\u0119dzie aktualny wicemistrz Polski i jeden z g\u0142\u00f3wnych kandydat\u00f3w do walki o z\u0142oto w sezonie 2026\/2027. Dla zespo\u0142u prowadzonego przez Orlando Duarte&#8230;<\/p>\n","protected":false},"author":9,"featured_media":18832,"comment_status":"closed","ping_status":"closed","sticky":false,"template":"","format":"standard","meta":{"_acf_changed":false,"advanced_seo_description":"","jetpack_seo_html_title":"","jetpack_seo_noindex":false,"jetpack_seo_schema_type":"","_jetpack_newsletter_access":"","_jetpack_dont_email_post_to_subs":false,"_jetpack_newsletter_tier_id":0,"_jetpack_memberships_contains_paywalled_content":false,"_jetpack_feature_clip_id":0,"_jetpack_memberships_contains_paid_content":false,"footnotes":"","jetpack_post_was_ever_published":false},"categories":[1],"tags":[],"class_list":["post-18831","post","type-post","status-publish","format-standard","has-post-thumbnail","hentry","category-wl"],"mb":[],"acf":[],"jetpack_sharing_enabled":true,"jetpack_featured_media_url":"https:\/\/www.wiaralecha.pl\/wp-content\/uploads\/2026\/09\/504A90D2-8043-4EA0-95CC-641D7DCD3BCD.jpeg","mfb_rest_fields":["title","jetpack_sharing_enabled","jetpack_featured_media_url"],"_links":{"self":[{"href":"https:\/\/www.wiaralecha.pl\/index.php\/wp-json\/wp\/v2\/posts\/18831","targetHints":{"allow":["GET"]}}],"collection":[{"href":"https:\/\/www.wiaralecha.pl\/index.php\/wp-json\/wp\/v2\/posts"}],"about":[{"href":"https:\/\/www.wiaralecha.pl\/index.php\/wp-json\/wp\/v2\/types\/post"}],"author":[{"embeddable":true,"href":"https:\/\/www.wiaralecha.pl\/index.php\/wp-json\/wp\/v2\/users\/9"}],"replies":[{"embeddable":true,"href":"https:\/\/www.wiaralecha.pl\/index.php\/wp-json\/wp\/v2\/comments?post=18831"}],"version-history":[{"count":1,"href":"https:\/\/www.wiaralecha.pl\/index.php\/wp-json\/wp\/v2\/posts\/18831\/revisions"}],"predecessor-version":[{"id":18833,"href":"https:\/\/www.wiaralecha.pl\/index.php\/wp-json\/wp\/v2\/posts\/18831\/revisions\/18833"}],"wp:featuredmedia":[{"embeddable":true,"href":"https:\/\/www.wiaralecha.pl\/index.php\/wp-json\/wp\/v2\/media\/18832"}],"wp:attachment":[{"href":"https:\/\/www.wiaralecha.pl\/index.php\/wp-json\/wp\/v2\/media?parent=18831"}],"wp:term":[{"taxonomy":"category","embeddable":true,"href":"https:\/\/www.wiaralecha.pl\/index.php\/wp-json\/wp\/v2\/categories?post=18831"},{"taxonomy":"post_tag","embeddable":true,"href":"https:\/\/www.wiaralecha.pl\/index.php\/wp-json\/wp\/v2\/tags?post=18831"}],"curies":[{"name":"wp","href":"https:\/\/api.w.org\/{rel}","templated":true}]}}