{"id":18834,"date":"2026-09-06T09:47:39","date_gmt":"2026-09-06T07:47:39","guid":{"rendered":"https:\/\/www.wiaralecha.pl\/?p=18834"},"modified":"2026-09-06T09:47:41","modified_gmt":"2026-09-06T07:47:41","slug":"dawid-czerniejewicz-rozegral-100-meczow-w-wiarze-lecha","status":"publish","type":"post","link":"https:\/\/www.wiaralecha.pl\/index.php\/2026\/09\/06\/dawid-czerniejewicz-rozegral-100-meczow-w-wiarze-lecha\/","title":{"rendered":"Dawid Czerniejewicz rozegra\u0142 100. mecz\u00f3w w Wiarze Lecha"},"content":{"rendered":"\n<h4 class=\"wp-block-heading\">Rozegrany w Swarz\u0119dzu pojedynek 5. kolejki V ligi by\u0142 wyj\u0105tkowy dla Dawida Czerniejewicza. 32-latek, trzy dni przed swoimi kolejnymi urodzinami, rozegra\u0142 100. mecz w niebiesko-bia\u0142ych barwach Wiary Lecha.<\/h4>\n\n\n\n<p class=\"wp-block-paragraph\">Na boisko stadionu swarz\u0119dzkiej Unii Dawid Czerniejewicz wyprowadzi\u0142 dru\u017cyn\u0119 w roli kapitana. Nie by\u0142 to jego pierwszy mecz z opask\u0105 na ramieniu, gdy\u017c znajduje si\u0119 w radzie dru\u017cyny i jest jednym z zast\u0119pc\u00f3w Daniela Mankiewicza. Na placu gry sp\u0119dzi\u0142 61 minut.<\/p>\n\n\n\n<p class=\"wp-block-paragraph\">Czerniejewicz przyszed\u0142 do Wiary Lecha przed startem sezonu 2020\/2021 z Gromu Plewiska. Co ciekawe, jego debiut przypad\u0142 na pojedynek ze swoim by\u0142ym klubem na jego stadionie. Inauguracja kampanii, kt\u00f3ra odby\u0142a si\u0119 1 sierpnia 2020 roku, by\u0142a rozczarowuj\u0105ca &#8211; Lechici przegrali w Plewiskach 0:1. Czerniejewicz zagra\u0142 w pe\u0142nym wymiarze czasowym, a mecz zako\u0144czy\u0142 z \u017c\u00f3\u0142t\u0105 kartk\u0105.<\/p>\n\n\n\n<p class=\"wp-block-paragraph\">W tamtym sezonie wyst\u0105pi\u0142 tylko w o\u015bmiu spotkaniach, gdy\u017c do ko\u0144ca rozgrywek musia\u0142 odby\u0107 kar\u0119 za czerwon\u0105 kartk\u0119. By\u0142a to jedna z dw\u00f3ch bezpo\u015brednich czerwonych kartek, kt\u00f3re zobaczy\u0142 w barwach Wiary Lecha. Drug\u0105 otrzyma\u0142 w meczu, w kt\u00f3rym Lechici po\u017cegnali si\u0119 z rozgrywkami IV ligi.<\/p>\n\n\n\n<p class=\"wp-block-paragraph\">To w\u0142a\u015bnie pierwszy sezon na boiskach czwartej ligi by\u0142 dla Czerniejewicza najlepszym pod wzgl\u0119dem liczby wyst\u0119p\u00f3w. Defensor rozegra\u0142 w\u00f3wczas 25 mecz\u00f3w, a wi\u0119cej wyst\u0119p\u00f3w uniemo\u017cliwi\u0142y mu \u017c\u00f3\u0142te kartki, kt\u00f3rych otrzyma\u0142 a\u017c 17 (!). Przez ponad sze\u015b\u0107 lat uzbiera\u0142 ich \u0142\u0105cznie 50.<\/p>\n\n\n\n<p class=\"wp-block-paragraph\">Ze zdobytych bramek cieszy\u0142 si\u0119 dwukrotnie. Pierwsz\u0105 zdoby\u0142 na po\u017cegnanie trenera Jaros\u0142awa Wr\u00f3blewskiego przy okazji meczu z Orkanem Chorzemin (7:3), a drug\u0105 w spotkaniu z Akademi\u0105 Reissa (8:0).<\/p>\n","protected":false},"excerpt":{"rendered":"<p>Rozegrany w Swarz\u0119dzu pojedynek 5. kolejki V ligi by\u0142 wyj\u0105tkowy dla Dawida Czerniejewicza. 32-latek, trzy dni przed swoimi kolejnymi urodzinami, rozegra\u0142 100. mecz w niebiesko-bia\u0142ych barwach Wiary Lecha.<\/p>\n","protected":false},"author":2,"featured_media":18835,"comment_status":"closed","ping_status":"closed","sticky":false,"template":"","format":"standard","meta":{"_acf_changed":false,"advanced_seo_description":"","jetpack_seo_html_title":"","jetpack_seo_noindex":false,"jetpack_seo_schema_type":"","_jetpack_newsletter_access":"","_jetpack_dont_email_post_to_subs":false,"_jetpack_newsletter_tier_id":0,"_jetpack_memberships_contains_paywalled_content":false,"_jetpack_feature_clip_id":0,"_jetpack_memberships_contains_paid_content":false,"footnotes":"","jetpack_post_was_ever_published":false},"categories":[91],"tags":[],"class_list":["post-18834","post","type-post","status-publish","format-standard","has-post-thumbnail","hentry","category-wiesci-z-klubu"],"mb":[],"acf":[],"jetpack_sharing_enabled":true,"jetpack_featured_media_url":"https:\/\/www.wiaralecha.pl\/wp-content\/uploads\/2026\/09\/Symul_100_strona.png","mfb_rest_fields":["title","jetpack_sharing_enabled","jetpack_featured_media_url"],"_links":{"self":[{"href":"https:\/\/www.wiaralecha.pl\/index.php\/wp-json\/wp\/v2\/posts\/18834","targetHints":{"allow":["GET"]}}],"collection":[{"href":"https:\/\/www.wiaralecha.pl\/index.php\/wp-json\/wp\/v2\/posts"}],"about":[{"href":"https:\/\/www.wiaralecha.pl\/index.php\/wp-json\/wp\/v2\/types\/post"}],"author":[{"embeddable":true,"href":"https:\/\/www.wiaralecha.pl\/index.php\/wp-json\/wp\/v2\/users\/2"}],"replies":[{"embeddable":true,"href":"https:\/\/www.wiaralecha.pl\/index.php\/wp-json\/wp\/v2\/comments?post=18834"}],"version-history":[{"count":1,"href":"https:\/\/www.wiaralecha.pl\/index.php\/wp-json\/wp\/v2\/posts\/18834\/revisions"}],"predecessor-version":[{"id":18836,"href":"https:\/\/www.wiaralecha.pl\/index.php\/wp-json\/wp\/v2\/posts\/18834\/revisions\/18836"}],"wp:featuredmedia":[{"embeddable":true,"href":"https:\/\/www.wiaralecha.pl\/index.php\/wp-json\/wp\/v2\/media\/18835"}],"wp:attachment":[{"href":"https:\/\/www.wiaralecha.pl\/index.php\/wp-json\/wp\/v2\/media?parent=18834"}],"wp:term":[{"taxonomy":"category","embeddable":true,"href":"https:\/\/www.wiaralecha.pl\/index.php\/wp-json\/wp\/v2\/categories?post=18834"},{"taxonomy":"post_tag","embeddable":true,"href":"https:\/\/www.wiaralecha.pl\/index.php\/wp-json\/wp\/v2\/tags?post=18834"}],"curies":[{"name":"wp","href":"https:\/\/api.w.org\/{rel}","templated":true}]}}