{"id":8548,"date":"2022-10-03T14:16:58","date_gmt":"2022-10-03T12:16:58","guid":{"rendered":"https:\/\/www.wiaralecha.pl\/?p=8548"},"modified":"2022-10-03T14:17:00","modified_gmt":"2022-10-03T12:17:00","slug":"trener-lukasz-kubiak-wole-wygrac-62-niz-20","status":"publish","type":"post","link":"https:\/\/www.wiaralecha.pl\/index.php\/2022\/10\/03\/trener-lukasz-kubiak-wole-wygrac-62-niz-20\/","title":{"rendered":"Trener \u0141ukasz Kubiak: Wol\u0119 wygra\u0107 6:2 ni\u017c 2:0"},"content":{"rendered":"\n<h4 class=\"wp-block-heading\"><strong>Wiara Lecha w meczu 8. kolejki V ligi odnios\u0142a zdecydowane zwyci\u0119stwo z Orkanem Chorzemin. W tym sezonie by\u0142o to pi\u0105te domowe zwyci\u0119stwo Kiboli, kt\u00f3rzy znajduj\u0105 si\u0119 obecnie na trzecim miejscu w tabeli z 3-punktow\u0105 strat\u0105 do lideruj\u0105cej Olimpii Ko\u0142o. Trener \u0141ukasz Kubiak z optymizmem skomentowa\u0142 niedzieln\u0105 wygran\u0105 Lechit\u00f3w.<\/strong><\/h4>\n\n\n\n<p><strong>Pewnie pokonujemy Orkan Chorzemin 6:2, zwyci\u0119\u017caj\u0105c po raz pi\u0105ty na w\u0142asnym boisku w tym sezonie z bilansem bramek 23:4. W\u0142asne boisko to jedna z naszych najwi\u0119kszych broni?<\/strong><\/p>\n\n\n\n<p>My\u015bl\u0119, \u017ce komplet zwyci\u0119stw i bardzo dobry bilans bramkowy \u015bwiadczy o tym, \u017ce na w\u0142asnym boisku bardzo trudno nas zatrzyma\u0107. Trenujemy i gramy mecze na sztucznej trawie. Nasi przeciwnicy z regu\u0142y trenuj\u0105 na boiskach naturalnych i na pewno do spotka\u0144 domowych jeste\u015bmy przygotowani lepiej ni\u017c przeciwnicy. Nie zmienia to faktu, \u017ce u siebie gramy z polotem, mo\u017cemy liczy\u0107 na naszych kibic\u00f3w i dzi\u0119ki temu mo\u017cemy powi\u0119ksza\u0107 liczb\u0119 zwyci\u0119stw na w\u0142asnym boisku. Od zawsze powtarzam, \u017ce je\u015bli nasza dru\u017cyna chce walczy\u0107 o najwy\u017csze cele, to jednym z wa\u017cniejszych element\u00f3w jest zdobywanie punkt\u00f3w u siebie. W tym sezonie mamy komplet zwyci\u0119stw i chcia\u0142bym, \u017ceby ta passa trwa\u0142a jak najd\u0142u\u017cej.<\/p>\n\n\n\n<p>Je\u015bli spojrzymy na ko\u0144cowy wynik, wydaje si\u0119, \u017ce to by\u0142 \u0142atwy mecz, ale nie do ko\u0144ca tak by\u0142o. Orkan Chorzemin to ciekawy zesp\u00f3\u0142, kt\u00f3ry mia\u0142 pomys\u0142 na gr\u0119. My\u015bl\u0119, \u017ce ten zesp\u00f3\u0142 powinien znajdowa\u0107 si\u0119 du\u017co wy\u017cej w tabeli i wydaje mi si\u0119, \u017ce b\u0119d\u0105 gro\u017anym zespo\u0142em dla ka\u017cdego. My z kolei na swoim boisku jeste\u015bmy bardzo trudni do zatrzymania. Zesp\u00f3\u0142 zagra\u0142 bardzo dobre spotkanie, grali\u015bmy zespo\u0142owo i sporymi fragmentami zdominowali\u015bmy przeciwnika. Zdarzy\u0142y nam si\u0119 jednak te\u017c momenty dekoncentracji i przeciwnik strzela\u0142 bramki kontaktowe. Ca\u0142e szcz\u0119\u015bcie potrafili\u015bmy docisn\u0105\u0107 peda\u0142 gazu w ostatnich 30 minutach i po akcjach rezerwowych strzelili\u015bmy kolejne gole. Zaliczyli\u015bmy kolejn\u0105 efektown\u0105 wygran\u0105, ale nie mo\u017cemy popada\u0107 w samozachwyt, bo nadal musimy goni\u0107 czo\u0142ow\u0105 dw\u00f3jk\u0119 ligi.<\/p>\n\n\n\n<p><strong>Kolejne bramki do swojego dorobku do\u0142o\u017cyli Kacper Dolski, Micha\u0142 Nied\u017awiedzki oraz Jakub Wilk. Trzy asysty zaliczy\u0142 natomiast Siergiej Krivets. Dzi\u0119ki temu, mimo straconych dw\u00f3ch bramek zdobywamy kolejny komplet punkt\u00f3w. Najlepsz\u0105 obron\u0105 jest atak?<\/strong><\/p>\n\n\n\n<p>W poprzednim sezonie posiadali\u015bmy ofensywne trio Dawid Kaczmarek &#8211; Marcin Mazurek &#8211; Jakub Wilk. Ta tr\u00f3jka odpowiada\u0142a za wi\u0119kszo\u015b\u0107 bramek strzelonych przez nasz zesp\u00f3\u0142 w poprzednim sezonie. W tej kampanii nie ma ju\u017c Dawida, Kuba leczy\u0142 kontuzj\u0119, a Marcin wr\u00f3ci\u0142 p\u00f3\u017aniej do zespo\u0142u. Wraz ze sztabem szukali\u015bmy alternatyw, \u017ceby nasz atak ca\u0142y czas wygl\u0105da\u0142 okazale. Pr\u00f3bowali\u015bmy r\u00f3\u017cnych rozwi\u0105za\u0144, ale nasza ofensywa nie funkcjonowa\u0142a jak nale\u017cy. W ko\u0144cu uda\u0142o nam si\u0119 z\u0142o\u017cy\u0107 formacj\u0119 ataku w taki spos\u00f3b, \u017ce ten worek z bramkami si\u0119 rozwi\u0105za\u0142. Kacper i Micha\u0142 w ka\u017cdym spotkaniu strzelaj\u0105 bramki i wzajemnie si\u0119 szukaj\u0105. Nie ma egoizmu, a jest znakomita wsp\u00f3\u0142praca, kt\u00f3rej efekt mo\u017cna by\u0142o zobaczy\u0107 przy bramce na 4:2 z Orkanem, gdzie Kacper wyszed\u0142 sam na sam z bramkarzem, ale poda\u0142 na pust\u0105 bramk\u0119 do Micha\u0142a. Kuba po kontuzji z meczu na mecz gra coraz lepiej i mo\u017cemy liczy\u0107 na jego niekonwencjonalne zagrania oraz bramki. Z kolei wycofanie do linii \u015brodkowej Siergieja da\u0142o nam jeszcze wi\u0119cej dynamiki w kreowaniu akcji bramkowych. Nie chcia\u0142bym si\u0119 skupia\u0107 jednak tylko i wy\u0142\u0105cznie na tej czw\u00f3rce. Dobre zawody zagrali nasi wahad\u0142owi oraz obro\u0144cy, kt\u00f3rzy r\u00f3wnie\u017c bior\u0105 udzia\u0142 w kreowaniu sytuacji bramkowych i mieli r\u00f3wnie\u017c wk\u0142ad w to zwyci\u0119stwo. Nale\u017cy r\u00f3wnie\u017c pami\u0119ta\u0107 o dobrej postawie rezerwowych, kt\u00f3rzy postawili kropk\u0119 nad i w niedziel\u0119. To dla mnie du\u017cy komfort, \u017ce mog\u0119 z \u0142awki korzysta\u0107 z zawodnik\u00f3w o tak du\u017cych umiej\u0119tno\u015bciach i wysokiej skuteczno\u015bci. Czy najlepsz\u0105 obron\u0105 jest atak? Zawsze deklarowa\u0142em, \u017ce chcia\u0142bym, \u017ceby DWL gra\u0142a ofensywny futbol ciesz\u0105cy kibic\u00f3w du\u017c\u0105 ilo\u015bci\u0105 goli. Wol\u0119 wygra\u0107 6:2 ni\u017c 2:0. Ciesz\u0119 si\u0119, \u017ce gramy ofensywnie, ale b\u0119dziemy chcieli popracowa\u0107 r\u00f3wnie\u017c nad defensyw\u0105, \u017ceby nie zdarza\u0142y nam si\u0119 momenty dekoncentracji, jak to mia\u0142o miejsce w meczu z Orkanem.<\/p>\n\n\n\n<p><strong>W najbli\u017csz\u0105 sobot\u0119 czeka nas wyjazdowy pojedynek z dziewi\u0105tym w tabeli P\u0142omieniem Przyprostynia. Najwi\u0119kszym wyzwaniem b\u0119dzie prze\u0142o\u017cenie znakomitej dyspozycji ze sztucznej nawierzchni na naturalne boisko?<\/strong><strong><\/strong><\/p>\n\n\n\n<p>Mecze wyjazdowe to na pewno nasza bol\u0105czka i walczymy, \u017ceby to zmieni\u0107. Mam nadziej\u0119, \u017ce punktem zwrotnym by\u0142y derby z Przemys\u0142awem, gdzie odnie\u015bli\u015bmy pierwsze zwyci\u0119stwo na wyje\u017adzie. Teraz jedziemy do Przyprostyni, kt\u00f3ra nie jest dla nas go\u015bcinna. Nasza ostatnia wizyta zako\u0144czy\u0142a si\u0119 sromotn\u0105 pora\u017ck\u0105 4:0 i mam nadziej\u0119, \u017ce tym razem zrewan\u017cujemy si\u0119 gospodarzom za tamten mecz. My\u015bl\u0119, \u017ce po niezbyt udanym pocz\u0105tku sezonu wr\u00f3cili\u015bmy na w\u0142a\u015bciwe tory, je\u015bli chodzi o nasz atak. Teraz czas, \u017ceby zmieni\u0107 nasz dorobek punktowy na wyjazdach. Musimy przygotowa\u0107 si\u0119 na trudne spotkanie i zagra\u0107 na miar\u0119 swoich umiej\u0119tno\u015bci. Cz\u0119sto wiele atut\u00f3w tracili\u015bmy w meczach wyjazdowych, wi\u0119c w tygodniu b\u0119dziemy pracowa\u0107 nad znalezieniem sposobu na obron\u0119 P\u0142omienia i skuteczn\u0105 gr\u0119 w naszej defensywie. My\u015bl\u0119, \u017ce trzy zwyci\u0119stwa z rz\u0119du w lidze b\u0119d\u0105 nap\u0119dza\u0107 naszych zawodnik\u00f3w do podtrzymania tej zwyci\u0119skiej passy i mocno licz\u0119 na komplet punkt\u00f3w w Przyprostyni. Szanujemy naszego przeciwnika, znamy nasze s\u0142abo\u015bci wynikaj\u0105ce z gry na wyjazdach ale mam nadziej\u0119, \u017ce przegonimy z\u0142e demony i wr\u00f3cimy do Poznania z trzema punktami.<\/p>\n","protected":false},"excerpt":{"rendered":"<p>Wiara Lecha w meczu 8. kolejki V ligi odnios\u0142a zdecydowane zwyci\u0119stwo z Orkanem Chorzemin. W tym sezonie by\u0142o to pi\u0105te domowe zwyci\u0119stwo Kiboli, kt\u00f3rzy znajduj\u0105 si\u0119 obecnie na trzecim miejscu w tabeli z 3-punktow\u0105 strat\u0105 do lideruj\u0105cej Olimpii Ko\u0142o. Trener \u0141ukasz Kubiak z optymizmem skomentowa\u0142 niedzieln\u0105 wygran\u0105 Lechit\u00f3w.<\/p>\n","protected":false},"author":2,"featured_media":8549,"comment_status":"closed","ping_status":"closed","sticky":false,"template":"","format":"standard","meta":{"_acf_changed":false,"_jetpack_memberships_contains_paid_content":false,"footnotes":""},"categories":[69],"tags":[],"class_list":["post-8548","post","type-post","status-publish","format-standard","has-post-thumbnail","hentry","category-wypowiedzi"],"acf":[],"jetpack_featured_media_url":"https:\/\/www.wiaralecha.pl\/wp-content\/uploads\/2022\/10\/PSX_20221003_141605.jpg","jetpack_sharing_enabled":true,"_links":{"self":[{"href":"https:\/\/www.wiaralecha.pl\/index.php\/wp-json\/wp\/v2\/posts\/8548","targetHints":{"allow":["GET"]}}],"collection":[{"href":"https:\/\/www.wiaralecha.pl\/index.php\/wp-json\/wp\/v2\/posts"}],"about":[{"href":"https:\/\/www.wiaralecha.pl\/index.php\/wp-json\/wp\/v2\/types\/post"}],"author":[{"embeddable":true,"href":"https:\/\/www.wiaralecha.pl\/index.php\/wp-json\/wp\/v2\/users\/2"}],"replies":[{"embeddable":true,"href":"https:\/\/www.wiaralecha.pl\/index.php\/wp-json\/wp\/v2\/comments?post=8548"}],"version-history":[{"count":1,"href":"https:\/\/www.wiaralecha.pl\/index.php\/wp-json\/wp\/v2\/posts\/8548\/revisions"}],"predecessor-version":[{"id":8550,"href":"https:\/\/www.wiaralecha.pl\/index.php\/wp-json\/wp\/v2\/posts\/8548\/revisions\/8550"}],"wp:featuredmedia":[{"embeddable":true,"href":"https:\/\/www.wiaralecha.pl\/index.php\/wp-json\/wp\/v2\/media\/8549"}],"wp:attachment":[{"href":"https:\/\/www.wiaralecha.pl\/index.php\/wp-json\/wp\/v2\/media?parent=8548"}],"wp:term":[{"taxonomy":"category","embeddable":true,"href":"https:\/\/www.wiaralecha.pl\/index.php\/wp-json\/wp\/v2\/categories?post=8548"},{"taxonomy":"post_tag","embeddable":true,"href":"https:\/\/www.wiaralecha.pl\/index.php\/wp-json\/wp\/v2\/tags?post=8548"}],"curies":[{"name":"wp","href":"https:\/\/api.w.org\/{rel}","templated":true}]}}