{"id":8551,"date":"2022-10-04T20:38:46","date_gmt":"2022-10-04T18:38:46","guid":{"rendered":"https:\/\/www.wiaralecha.pl\/?p=8551"},"modified":"2022-10-04T20:39:44","modified_gmt":"2022-10-04T18:39:44","slug":"jacek-trzeciak-nie-zyje-mial-50-lat","status":"publish","type":"post","link":"https:\/\/www.wiaralecha.pl\/index.php\/2022\/10\/04\/jacek-trzeciak-nie-zyje-mial-50-lat\/","title":{"rendered":"Jacek Trzeciak nie \u017cyje. Mia\u0142 50 lat"},"content":{"rendered":"\n<h4 class=\"wp-block-heading\"><strong>W\u0142a\u015bciciel firmy JTC, Jacek Trzeciak zmar\u0142 w wieku 50 lat. Jego firma od 2,5 roku jest sponsorem strategicznym sekcji pi\u0142karskiej Wiary Lecha. <\/strong><\/h4>\n\n\n\n<p>Wsp\u00f3\u0142praca Jacka Trzeciaka z Wiar\u0105 Lecha rozpocz\u0119\u0142a si\u0119 na pocz\u0105tku lipca 2020 roku, gdy prowadzona przez niego firma JTC zosta\u0142a sponsorem strategicznym sekcji pi\u0142karskiej. 50-latek nie by\u0142 zwyczajnym sponsorem. Wiarze Lecha pomaga\u0142 w rozwoju klubu, pozyskiwa\u0142 sponsor\u00f3w, by\u0142 tak\u017ce pomys\u0142odawc\u0105 powrotu do wielosekcyjno\u015bci Kolejorza. Za czas\u00f3w jego dzia\u0142alno\u015bci powsta\u0142y dwie sekcje: futsalowa i lekkoatletyczna, a Akademia Wiary Lecha znalaz\u0142a swoje miejsce w Gol\u0119czewie, gdzie dzia\u0142a r\u00f3wnie\u017c druga dru\u017cyna pi\u0142karskiej sekcji Wiary Lecha. Trzeciak by\u0142 dyrektorem zespo\u0142u rezerw.  <\/p>\n\n\n\n<p>Jacek Trzeciak zmar\u0142 w wieku 50 lat. Termin pogrzebu nie jest jeszcze znany. <\/p>\n","protected":false},"excerpt":{"rendered":"<p>W\u0142a\u015bciciel firmy JTC, Jacek Trzeciak zmar\u0142 w wieku 50 lat. Jego firma od 2,5 roku jest sponsorem strategicznym sekcji pi\u0142karskiej Wiary Lecha. Wsp\u00f3\u0142praca Jacka Trzeciaka z Wiar\u0105 Lecha rozpocz\u0119\u0142a si\u0119 na pocz\u0105tku lipca 2020 roku, gdy prowadzona przez niego firma JTC zosta\u0142a sponsorem strategicznym sekcji pi\u0142karskiej. 50-latek nie by\u0142 zwyczajnym sponsorem. Wiarze Lecha pomaga\u0142 w&#8230;<\/p>\n","protected":false},"author":2,"featured_media":8552,"comment_status":"closed","ping_status":"closed","sticky":false,"template":"","format":"standard","meta":{"_acf_changed":false,"_jetpack_memberships_contains_paid_content":false,"footnotes":""},"categories":[91],"tags":[],"class_list":["post-8551","post","type-post","status-publish","format-standard","has-post-thumbnail","hentry","category-wiesci-z-klubu"],"acf":[],"jetpack_featured_media_url":"https:\/\/www.wiaralecha.pl\/wp-content\/uploads\/2022\/10\/JT_news.png","jetpack_sharing_enabled":true,"_links":{"self":[{"href":"https:\/\/www.wiaralecha.pl\/index.php\/wp-json\/wp\/v2\/posts\/8551","targetHints":{"allow":["GET"]}}],"collection":[{"href":"https:\/\/www.wiaralecha.pl\/index.php\/wp-json\/wp\/v2\/posts"}],"about":[{"href":"https:\/\/www.wiaralecha.pl\/index.php\/wp-json\/wp\/v2\/types\/post"}],"author":[{"embeddable":true,"href":"https:\/\/www.wiaralecha.pl\/index.php\/wp-json\/wp\/v2\/users\/2"}],"replies":[{"embeddable":true,"href":"https:\/\/www.wiaralecha.pl\/index.php\/wp-json\/wp\/v2\/comments?post=8551"}],"version-history":[{"count":2,"href":"https:\/\/www.wiaralecha.pl\/index.php\/wp-json\/wp\/v2\/posts\/8551\/revisions"}],"predecessor-version":[{"id":8554,"href":"https:\/\/www.wiaralecha.pl\/index.php\/wp-json\/wp\/v2\/posts\/8551\/revisions\/8554"}],"wp:featuredmedia":[{"embeddable":true,"href":"https:\/\/www.wiaralecha.pl\/index.php\/wp-json\/wp\/v2\/media\/8552"}],"wp:attachment":[{"href":"https:\/\/www.wiaralecha.pl\/index.php\/wp-json\/wp\/v2\/media?parent=8551"}],"wp:term":[{"taxonomy":"category","embeddable":true,"href":"https:\/\/www.wiaralecha.pl\/index.php\/wp-json\/wp\/v2\/categories?post=8551"},{"taxonomy":"post_tag","embeddable":true,"href":"https:\/\/www.wiaralecha.pl\/index.php\/wp-json\/wp\/v2\/tags?post=8551"}],"curies":[{"name":"wp","href":"https:\/\/api.w.org\/{rel}","templated":true}]}}