{"id":8556,"date":"2022-10-06T10:31:34","date_gmt":"2022-10-06T08:31:34","guid":{"rendered":"https:\/\/www.wiaralecha.pl\/?p=8556"},"modified":"2022-10-06T10:57:30","modified_gmt":"2022-10-06T08:57:30","slug":"jakub-wilk-i-marcin-daniel-nasza-najwieksza-sila-jest-wspolpraca-calej-druzyny","status":"publish","type":"post","link":"https:\/\/www.wiaralecha.pl\/index.php\/2022\/10\/06\/jakub-wilk-i-marcin-daniel-nasza-najwieksza-sila-jest-wspolpraca-calej-druzyny\/","title":{"rendered":"Jakub Wilk i Marcin Daniel: Nasz\u0105 najwi\u0119ksz\u0105 si\u0142\u0105 jest wsp\u00f3\u0142praca ca\u0142ej dru\u017cyny"},"content":{"rendered":"\n<h4 class=\"wp-block-heading\"><strong>Wiara Lecha zwyci\u0119\u017cy\u0142a po raz pi\u0105ty w tym sezonie w domowym meczu, pokonuj\u0105c Orkan Chorzemin 6:2. Mecz skomentowali Jakub Wilk \u2013 zdobywca drugiej bramki oraz Marcin Daniel.&nbsp; &nbsp;<\/strong><\/h4>\n\n\n\n<h4 class=\"wp-block-heading\"><strong>Jakub Wilk \u2013 pomocnik Wiary Lecha<\/strong><\/h4>\n\n\n\n<p>Nasze boisko ze sztuczn\u0105 nawierzchni\u0105 to jedna z naszych wi\u0119kszych broni. Dru\u017cyny, kt\u00f3re trenuj\u0105 i graj\u0105 mecze ligowe na naturalnej murawie nie s\u0105 przyzwyczajone do rozgrywania meczy ligowych na sztucznej nawierzchni. W efekcie ci\u0119\u017cko jest im si\u0119 dostosowa\u0107 do warunk\u00f3w. Nasz\u0105 najwi\u0119ksz\u0105 si\u0142\u0105 na boisku jest jednak dobra wsp\u00f3\u0142praca ca\u0142ej dru\u017cyny, kt\u00f3r\u0105 mo\u017cna by\u0142o zobaczy\u0107 w ostatnich tygodniach.<\/p>\n\n\n\n<p>Ciesz\u0119 si\u0119, \u017ce \u0142api\u0119 skuteczno\u015b\u0107 i w drugim meczu z rz\u0119du zdoby\u0142em bramk\u0119. Najwa\u017cniejsze s\u0105 jednak trzy punkty ca\u0142ej dru\u017cyny. Co do mojej formy, wierz\u0119, \u017ce to b\u0119dzie m\u00f3j najlepszy sezon.<\/p>\n\n\n\n<p>W sobot\u0119 czeka nas kolejny wymagaj\u0105cy mecz. Tym razem zagramy na naturalnej murawie, ale mamy do\u015bwiadczony zesp\u00f3\u0142, wi\u0119c na pewno damy rad\u0119.<\/p>\n\n\n\n<h4 class=\"wp-block-heading\"><strong>Marcin Daniel \u2013 pomocnik Wiary Lecha<\/strong><\/h4>\n\n\n\n<p>Dobrze czujemy si\u0119 na sztucznej nawierzchni. W ko\u0144cu trenujemy na takim boisku i od lat gramy na nim mecze domowe. Bilans bramek 23-4 na pewno budzi uznanie. Kontynuujemy seri\u0119 mecz\u00f3w bez pora\u017cki na w\u0142asnym terenie i oby tak zosta\u0142o jak najd\u0142u\u017cej.<\/p>\n\n\n\n<p>Mamy zesp\u00f3\u0142, kt\u00f3ry zawsze chce gra\u0107 ofensywnie i widowiskowo. Jednocze\u015bnie nie mo\u017cemy zapomina\u0107 o grze defensywnej, bo zdarzaj\u0105 nam si\u0119 momenty dekoncentracji. Kacper Dolski, Micha\u0142 Nied\u017awiedzki, Jakub Wilk i Siergiej Krivets zaliczaj\u0105 w ostatnich tygodniach bardzo dobre wyst\u0119py, co przek\u0142ada si\u0119 na liczby w postaci bramek i asyst tych zawodnik\u00f3w. Pozostaje si\u0119 tylko z tego cieszy\u0107 i pracowa\u0107, by forma ca\u0142ego zespo\u0142u stale wzrasta\u0142a. &nbsp;<\/p>\n\n\n\n<p>Doskonale zdajemy sobie spraw\u0119, jak wygl\u0105daj\u0105 w naszym wykonaniu mecze na sztucznej trawie oraz jak to wygl\u0105da na trawie naturalnej. Je\u015bli chcemy walczy\u0107 o najwy\u017csze cele, to boisko nie mo\u017ce by\u0107 dla nas przeszkod\u0105. Je\u017celi w sobot\u0119 podtrzymamy dyspozycj\u0119 z ostatnich tygodni, to jestem przekonany, \u017ce z Przyprostyni wywieziemy komplet punkt\u00f3w.<\/p>\n","protected":false},"excerpt":{"rendered":"<p>Wiara Lecha zwyci\u0119\u017cy\u0142a po raz pi\u0105ty w tym sezonie w domowym meczu, pokonuj\u0105c Orkan Chorzemin 6:2. Mecz skomentowali Jakub Wilk \u2013 zdobywca drugiej bramki oraz Marcin Daniel.\u00a0 \u00a0<\/p>\n","protected":false},"author":2,"featured_media":8559,"comment_status":"closed","ping_status":"closed","sticky":false,"template":"","format":"standard","meta":{"_acf_changed":false,"_jetpack_memberships_contains_paid_content":false,"footnotes":""},"categories":[69],"tags":[],"class_list":["post-8556","post","type-post","status-publish","format-standard","has-post-thumbnail","hentry","category-wypowiedzi"],"acf":[],"jetpack_featured_media_url":"https:\/\/www.wiaralecha.pl\/wp-content\/uploads\/2022\/10\/PSX_20221006_103025.jpg","jetpack_sharing_enabled":true,"_links":{"self":[{"href":"https:\/\/www.wiaralecha.pl\/index.php\/wp-json\/wp\/v2\/posts\/8556","targetHints":{"allow":["GET"]}}],"collection":[{"href":"https:\/\/www.wiaralecha.pl\/index.php\/wp-json\/wp\/v2\/posts"}],"about":[{"href":"https:\/\/www.wiaralecha.pl\/index.php\/wp-json\/wp\/v2\/types\/post"}],"author":[{"embeddable":true,"href":"https:\/\/www.wiaralecha.pl\/index.php\/wp-json\/wp\/v2\/users\/2"}],"replies":[{"embeddable":true,"href":"https:\/\/www.wiaralecha.pl\/index.php\/wp-json\/wp\/v2\/comments?post=8556"}],"version-history":[{"count":2,"href":"https:\/\/www.wiaralecha.pl\/index.php\/wp-json\/wp\/v2\/posts\/8556\/revisions"}],"predecessor-version":[{"id":8562,"href":"https:\/\/www.wiaralecha.pl\/index.php\/wp-json\/wp\/v2\/posts\/8556\/revisions\/8562"}],"wp:featuredmedia":[{"embeddable":true,"href":"https:\/\/www.wiaralecha.pl\/index.php\/wp-json\/wp\/v2\/media\/8559"}],"wp:attachment":[{"href":"https:\/\/www.wiaralecha.pl\/index.php\/wp-json\/wp\/v2\/media?parent=8556"}],"wp:term":[{"taxonomy":"category","embeddable":true,"href":"https:\/\/www.wiaralecha.pl\/index.php\/wp-json\/wp\/v2\/categories?post=8556"},{"taxonomy":"post_tag","embeddable":true,"href":"https:\/\/www.wiaralecha.pl\/index.php\/wp-json\/wp\/v2\/tags?post=8556"}],"curies":[{"name":"wp","href":"https:\/\/api.w.org\/{rel}","templated":true}]}}